
{"id":68942,"date":"2017-11-13T19:13:10","date_gmt":"2017-11-13T22:13:10","guid":{"rendered":"http:\/\/www.sudoestehoje.com.br\/novoportal\/?p=68942"},"modified":"2017-11-13T19:13:10","modified_gmt":"2017-11-13T22:13:10","slug":"apos-inauguracao-em-simoes-filho-pedro-tavares-destaca-forca-do-pmdb-no-estado","status":"publish","type":"post","link":"https:\/\/www.sudoestehoje.com.br\/novoportal\/2017\/11\/13\/apos-inauguracao-em-simoes-filho-pedro-tavares-destaca-forca-do-pmdb-no-estado\/","title":{"rendered":"AP\u00d3S INAUGURA\u00c7\u00c3O EM SIM\u00d5ES FILHO, PEDRO TAVARES DESTACA FOR\u00c7A DO PMDB NO ESTADO"},"content":{"rendered":"<p><a href=\"http:\/\/www.sudoestehoje.com.br\/novoportal\/wp-content\/uploads\/2017\/11\/PEDRO-EM-SIM\u00d5ES-FILHO.jpg\"><img loading=\"lazy\" decoding=\"async\" class=\"aligncenter size-medium wp-image-68944\" src=\"http:\/\/www.sudoestehoje.com.br\/novoportal\/wp-content\/uploads\/2017\/11\/PEDRO-EM-SIM\u00d5ES-FILHO-500x374.jpg\" alt=\"\" width=\"500\" height=\"374\" srcset=\"https:\/\/www.sudoestehoje.com.br\/novoportal\/wp-content\/uploads\/2017\/11\/PEDRO-EM-SIM\u00d5ES-FILHO-500x374.jpg 500w, https:\/\/www.sudoestehoje.com.br\/novoportal\/wp-content\/uploads\/2017\/11\/PEDRO-EM-SIM\u00d5ES-FILHO-768x575.jpg 768w, https:\/\/www.sudoestehoje.com.br\/novoportal\/wp-content\/uploads\/2017\/11\/PEDRO-EM-SIM\u00d5ES-FILHO-700x524.jpg 700w, https:\/\/www.sudoestehoje.com.br\/novoportal\/wp-content\/uploads\/2017\/11\/PEDRO-EM-SIM\u00d5ES-FILHO.jpg 958w\" sizes=\"auto, (max-width: 500px) 100vw, 500px\" \/><\/a><\/p>\n<p>O deputado estadual Pedro Tavares (PMDB) participou na \u00faltima sexta-feira, 10, da inaugura\u00e7\u00e3o da pra\u00e7a Claudionor Rodrigues Viana, na Quadra 4, em Sim\u00f5es Filho. A inaugura\u00e7\u00e3o fez parte das celebra\u00e7\u00f5es que marcam o anivers\u00e1rio de 56 anos do munic\u00edpio. O parlamentar prestigiou o ato ao lado do prefeito anfitri\u00e3o Di\u00f3genes Tolentino (PMDB), o Dinha, e de diversas lideran\u00e7as peemedebistas, como o vice-prefeito de Salvador, Bruno Reis, do vereador da capital baiana, Felipe Lucas, o vice-prefeito de Cama\u00e7ari, Tude, e a vice-prefeita de Barreiras, Karl\u00facia Macedo.<\/p>\n<p>O deputado fez quest\u00e3o de destacar o trabalho do correligion\u00e1rio Dinha, que tem realizado uma gest\u00e3o eficiente e mostrado compromisso com a administra\u00e7\u00e3o municipal. \u201cO prefeito tem demonstrado responsabilidade e vontade pol\u00edtica ao fazer uma s\u00e9rie de a\u00e7\u00f5es e entregar equipamentos de qualidade, que s\u00f3 beneficiam os moradores de Sim\u00f5es Filho\u201d, declarou.<\/p>\n<p>Tavares aproveitou tamb\u00e9m para ressaltar a uni\u00e3o e for\u00e7a do partido, que est\u00e1 organizado e conta com grandes lideran\u00e7as em diversas regi\u00f5es da Bahia. \u201cEssas lideran\u00e7as demostram a for\u00e7a da nossa legenda, que est\u00e1 presente e organizada em todo Estado. Vamos continuar trabalhando incansavelmente pelo fortalecimento do PMDB e levar nossas bandeiras para toda a Bahia\u201d, pontuou Tavares.Tamb\u00e9m estavam presentes no evento o prefeito de Salvador, ACM Neto, o prefeito da cidade de Feira de Santana, Jos\u00e9 Ronaldo, o ministro da Secretaria de Governo, Ant\u00f4nio Imbassahy, al\u00e9m de outros prefeitos e vereadores da regi\u00e3o.<\/p>\n","protected":false},"excerpt":{"rendered":"<p>O deputado estadual Pedro Tavares (PMDB) participou na \u00faltima sexta-feira, 10, da inaugura\u00e7\u00e3o da pra\u00e7a Claudionor Rodrigues Viana, na Quadra 4, em Sim\u00f5es Filho. A inaugura\u00e7\u00e3o fez parte das celebra\u00e7\u00f5es que marcam o anivers\u00e1rio de 56 anos do munic\u00edpio. O parlamentar prestigiou o ato ao lado do prefeito anfitri\u00e3o Di\u00f3genes Tolentino (PMDB), o Dinha, e [&hellip;]<\/p>\n","protected":false},"author":2,"featured_media":68944,"comment_status":"open","ping_status":"open","sticky":false,"template":"","format":"standard","meta":{"footnotes":"","_links_to":"","_links_to_target":""},"categories":[1],"tags":[],"class_list":["post-68942","post","type-post","status-publish","format-standard","has-post-thumbnail","hentry","category-geral"],"views":1142,"_links":{"self":[{"href":"https:\/\/www.sudoestehoje.com.br\/novoportal\/wp-json\/wp\/v2\/posts\/68942","targetHints":{"allow":["GET"]}}],"collection":[{"href":"https:\/\/www.sudoestehoje.com.br\/novoportal\/wp-json\/wp\/v2\/posts"}],"about":[{"href":"https:\/\/www.sudoestehoje.com.br\/novoportal\/wp-json\/wp\/v2\/types\/post"}],"author":[{"embeddable":true,"href":"https:\/\/www.sudoestehoje.com.br\/novoportal\/wp-json\/wp\/v2\/users\/2"}],"replies":[{"embeddable":true,"href":"https:\/\/www.sudoestehoje.com.br\/novoportal\/wp-json\/wp\/v2\/comments?post=68942"}],"version-history":[{"count":2,"href":"https:\/\/www.sudoestehoje.com.br\/novoportal\/wp-json\/wp\/v2\/posts\/68942\/revisions"}],"predecessor-version":[{"id":68945,"href":"https:\/\/www.sudoestehoje.com.br\/novoportal\/wp-json\/wp\/v2\/posts\/68942\/revisions\/68945"}],"wp:featuredmedia":[{"embeddable":true,"href":"https:\/\/www.sudoestehoje.com.br\/novoportal\/wp-json\/wp\/v2\/media\/68944"}],"wp:attachment":[{"href":"https:\/\/www.sudoestehoje.com.br\/novoportal\/wp-json\/wp\/v2\/media?parent=68942"}],"wp:term":[{"taxonomy":"category","embeddable":true,"href":"https:\/\/www.sudoestehoje.com.br\/novoportal\/wp-json\/wp\/v2\/categories?post=68942"},{"taxonomy":"post_tag","embeddable":true,"href":"https:\/\/www.sudoestehoje.com.br\/novoportal\/wp-json\/wp\/v2\/tags?post=68942"}],"curies":[{"name":"wp","href":"https:\/\/api.w.org\/{rel}","templated":true}]}}