
{"id":68936,"date":"2017-11-13T17:32:42","date_gmt":"2017-11-13T20:32:42","guid":{"rendered":"http:\/\/www.sudoestehoje.com.br\/novoportal\/?p=68936"},"modified":"2017-11-13T17:39:39","modified_gmt":"2017-11-13T20:39:39","slug":"ipiau-foto-de-rui-costa-e-pichada-por-supostos-vandalos-em-escola-estadual","status":"publish","type":"post","link":"https:\/\/www.sudoestehoje.com.br\/novoportal\/2017\/11\/13\/ipiau-foto-de-rui-costa-e-pichada-por-supostos-vandalos-em-escola-estadual\/","title":{"rendered":"IPIA\u00da: FOTO DE RUI COSTA \u00c9 PICHADA POR SUPOSTOS V\u00c2NDALOS EM ESCOLA ESTADUAL"},"content":{"rendered":"<p><a href=\"http:\/\/www.sudoestehoje.com.br\/novoportal\/wp-content\/uploads\/2017\/11\/FOTO-RUI-PICHADA.jpg\"><img loading=\"lazy\" decoding=\"async\" class=\"aligncenter wp-image-68938\" src=\"http:\/\/www.sudoestehoje.com.br\/novoportal\/wp-content\/uploads\/2017\/11\/FOTO-RUI-PICHADA.jpg\" alt=\"\" width=\"501\" height=\"369\" \/><\/a><\/p>\n<p>Um col\u00e9gio de Ipia\u00fa, no sudoeste baiano, foi alvo de furto e vandalismo. A a\u00e7\u00e3o foi percebida nesta segunda-feira (13), quando os funcion\u00e1rios do Col\u00e9gio Modelo Lu\u00eds Eduardo Magalh\u00e3es, chegaram no local para trabalhar.<\/p>\n<p>Segundo o Giro em Ipia\u00fa, as salas da diretoria e da mecanografia foram arrombadas e pichadas com palavr\u00f5es e nomes atribu\u00eddos a duas fac\u00e7\u00f5es criminosas, sendo uma de Ipia\u00fa e outra com atua\u00e7\u00e3o no estado.<\/p>\n<p>At\u00e9 um quadro do governador, instalado na sala do diretor, tamb\u00e9m foi pichado com as ofensas &#8220;lixo&#8221; e &#8220;verme&#8221;. Um notebook e dois roteadores de internet foram furtados na a\u00e7\u00e3o.<\/p>\n<p>Ao site, o diretor do Col\u00e9gio, Thompson Bacelar, acredita que o crime ocorreu entre a noite deste domingo e a madrugada desta segunda. O caso j\u00e1 foi registrado e segue investigado pela Delegacia local.<\/p>\n<p>O clima eleitoral come\u00e7a a esquentar.<\/p>\n","protected":false},"excerpt":{"rendered":"<p>Um col\u00e9gio de Ipia\u00fa, no sudoeste baiano, foi alvo de furto e vandalismo. A a\u00e7\u00e3o foi percebida nesta segunda-feira (13), quando os funcion\u00e1rios do Col\u00e9gio Modelo Lu\u00eds Eduardo Magalh\u00e3es, chegaram no local para trabalhar. Segundo o Giro em Ipia\u00fa, as salas da diretoria e da mecanografia foram arrombadas e pichadas com palavr\u00f5es e nomes atribu\u00eddos [&hellip;]<\/p>\n","protected":false},"author":2,"featured_media":68938,"comment_status":"open","ping_status":"open","sticky":false,"template":"","format":"standard","meta":{"footnotes":"","_links_to":"","_links_to_target":""},"categories":[1],"tags":[],"class_list":["post-68936","post","type-post","status-publish","format-standard","has-post-thumbnail","hentry","category-geral"],"views":1374,"_links":{"self":[{"href":"https:\/\/www.sudoestehoje.com.br\/novoportal\/wp-json\/wp\/v2\/posts\/68936","targetHints":{"allow":["GET"]}}],"collection":[{"href":"https:\/\/www.sudoestehoje.com.br\/novoportal\/wp-json\/wp\/v2\/posts"}],"about":[{"href":"https:\/\/www.sudoestehoje.com.br\/novoportal\/wp-json\/wp\/v2\/types\/post"}],"author":[{"embeddable":true,"href":"https:\/\/www.sudoestehoje.com.br\/novoportal\/wp-json\/wp\/v2\/users\/2"}],"replies":[{"embeddable":true,"href":"https:\/\/www.sudoestehoje.com.br\/novoportal\/wp-json\/wp\/v2\/comments?post=68936"}],"version-history":[{"count":3,"href":"https:\/\/www.sudoestehoje.com.br\/novoportal\/wp-json\/wp\/v2\/posts\/68936\/revisions"}],"predecessor-version":[{"id":68940,"href":"https:\/\/www.sudoestehoje.com.br\/novoportal\/wp-json\/wp\/v2\/posts\/68936\/revisions\/68940"}],"wp:featuredmedia":[{"embeddable":true,"href":"https:\/\/www.sudoestehoje.com.br\/novoportal\/wp-json\/wp\/v2\/media\/68938"}],"wp:attachment":[{"href":"https:\/\/www.sudoestehoje.com.br\/novoportal\/wp-json\/wp\/v2\/media?parent=68936"}],"wp:term":[{"taxonomy":"category","embeddable":true,"href":"https:\/\/www.sudoestehoje.com.br\/novoportal\/wp-json\/wp\/v2\/categories?post=68936"},{"taxonomy":"post_tag","embeddable":true,"href":"https:\/\/www.sudoestehoje.com.br\/novoportal\/wp-json\/wp\/v2\/tags?post=68936"}],"curies":[{"name":"wp","href":"https:\/\/api.w.org\/{rel}","templated":true}]}}