
{"id":68924,"date":"2017-11-13T11:42:59","date_gmt":"2017-11-13T14:42:59","guid":{"rendered":"http:\/\/www.sudoestehoje.com.br\/novoportal\/?p=68924"},"modified":"2017-11-13T11:52:42","modified_gmt":"2017-11-13T14:52:42","slug":"adolescente-perde-o-controle-invade-posto-e-bate-camionete-em-bomba-de-combustivel","status":"publish","type":"post","link":"https:\/\/www.sudoestehoje.com.br\/novoportal\/2017\/11\/13\/adolescente-perde-o-controle-invade-posto-e-bate-camionete-em-bomba-de-combustivel\/","title":{"rendered":"ADOLESCENTE PERDE O CONTROLE DE VE\u00cdCULO E DESTR\u00d3I BOMBA EM POSTO DE COMBUST\u00cdVEL"},"content":{"rendered":"<div class=\"mc-column content-text active-extra-styles active-capital-letter\" data-block-type=\"unstyled\" data-block-weight=\"40\" data-block-id=\"2\">\n<p class=\"content-text__container theme-color-primary-first-letter\" data-track-category=\"Link no Texto\" data-track-links=\"\"><a href=\"http:\/\/www.sudoestehoje.com.br\/novoportal\/wp-content\/uploads\/2017\/11\/acidentelem1.jpg\"><img loading=\"lazy\" decoding=\"async\" class=\"aligncenter size-medium wp-image-68927\" src=\"http:\/\/www.sudoestehoje.com.br\/novoportal\/wp-content\/uploads\/2017\/11\/acidentelem1-500x332.jpg\" alt=\"\" width=\"500\" height=\"332\" srcset=\"https:\/\/www.sudoestehoje.com.br\/novoportal\/wp-content\/uploads\/2017\/11\/acidentelem1-500x332.jpg 500w, https:\/\/www.sudoestehoje.com.br\/novoportal\/wp-content\/uploads\/2017\/11\/acidentelem1.jpg 640w\" sizes=\"auto, (max-width: 500px) 100vw, 500px\" \/><\/a><\/p>\n<p class=\"content-text__container theme-color-primary-first-letter\" data-track-category=\"Link no Texto\" data-track-links=\"\">LUIZ EDUARDO MAGALH\u00c3ES: Um adolescente de 17 anos perdeu o controle do carro que conduzia e invadiu em um posto de combust\u00edvel no in\u00edcio da noite de domingo (12), em Lu\u00eds Eduardo Magalh\u00e3es, no oeste da Bahia. As informa\u00e7\u00f5es s\u00e3o da Pol\u00edcia Militar.<\/p>\n<\/div>\n<div class=\"mc-column content-text active-extra-styles \" data-block-type=\"unstyled\" data-block-weight=\"29\" data-block-id=\"3\">\n<p class=\"content-text__container \" data-track-category=\"Link no Texto\" data-track-links=\"\">O carro bateu na parede do escrit\u00f3rio do posto e ainda destruiu uma das bombas de combust\u00edveis. Al\u00e9m disso, o motorista atingiu um caminh\u00e3o que estava estacionado no posto.<\/p>\n<\/div>\n<div class=\"mc-column content-text active-extra-styles \" data-block-type=\"unstyled\" data-block-weight=\"32\" data-block-id=\"4\">\n<p class=\"content-text__container \" data-track-category=\"Link no Texto\" data-track-links=\"\">Conforme disse a pol\u00edcia, o adolescente estava no ve\u00edculo com outras duas garotas de 16 e 17 anos. A pol\u00edcia informou tamb\u00e9m que o carro pertence ao pai de uma das meninas.<\/p>\n<p class=\"content-text__container \" data-track-category=\"Link no Texto\" data-track-links=\"\"><a href=\"http:\/\/www.sudoestehoje.com.br\/novoportal\/wp-content\/uploads\/2017\/11\/acidente-03.jpg\"><img loading=\"lazy\" decoding=\"async\" class=\"aligncenter size-medium wp-image-68928\" src=\"http:\/\/www.sudoestehoje.com.br\/novoportal\/wp-content\/uploads\/2017\/11\/acidente-03-500x313.jpg\" alt=\"\" width=\"500\" height=\"313\" srcset=\"https:\/\/www.sudoestehoje.com.br\/novoportal\/wp-content\/uploads\/2017\/11\/acidente-03-500x313.jpg 500w, https:\/\/www.sudoestehoje.com.br\/novoportal\/wp-content\/uploads\/2017\/11\/acidente-03.jpg 640w\" sizes=\"auto, (max-width: 500px) 100vw, 500px\" \/><\/a><\/p>\n<\/div>\n<div class=\"mc-column content-text active-extra-styles \" data-block-type=\"unstyled\" data-block-weight=\"27\" data-block-id=\"5\">\n<p class=\"content-text__container \" data-track-category=\"Link no Texto\" data-track-links=\"\">Todos eles ficaram feridos e foram socorridos para a Unidade de Pronto Atendimento (UPA) de Lu\u00eds Eduardo Magalh\u00e3es, mas n\u00e3o h\u00e1 detalhes do estado de sa\u00fade deles.<\/p>\n<p class=\"content-text__container \" data-track-category=\"Link no Texto\" data-track-links=\"\">A PM informou que o adolescente que conduzia o ve\u00edculo foi encaminhado para a delegacia ap\u00f3s atendimento na UPA, pois n\u00e3o tem habilita\u00e7\u00e3o. O\u00a0<strong>G1<\/strong>\u00a0n\u00e3o conseguiu contato com a Pol\u00edcia Civil at\u00e9 a publica\u00e7\u00e3o desta reportagem.<\/p>\n<\/div>\n","protected":false},"excerpt":{"rendered":"<p>LUIZ EDUARDO MAGALH\u00c3ES: Um adolescente de 17 anos perdeu o controle do carro que conduzia e invadiu em um posto de combust\u00edvel no in\u00edcio da noite de domingo (12), em Lu\u00eds Eduardo Magalh\u00e3es, no oeste da Bahia. As informa\u00e7\u00f5es s\u00e3o da Pol\u00edcia Militar. O carro bateu na parede do escrit\u00f3rio do posto e ainda destruiu [&hellip;]<\/p>\n","protected":false},"author":2,"featured_media":68927,"comment_status":"open","ping_status":"open","sticky":false,"template":"","format":"standard","meta":{"footnotes":"","_links_to":"","_links_to_target":""},"categories":[1],"tags":[],"class_list":["post-68924","post","type-post","status-publish","format-standard","has-post-thumbnail","hentry","category-geral"],"views":1522,"_links":{"self":[{"href":"https:\/\/www.sudoestehoje.com.br\/novoportal\/wp-json\/wp\/v2\/posts\/68924","targetHints":{"allow":["GET"]}}],"collection":[{"href":"https:\/\/www.sudoestehoje.com.br\/novoportal\/wp-json\/wp\/v2\/posts"}],"about":[{"href":"https:\/\/www.sudoestehoje.com.br\/novoportal\/wp-json\/wp\/v2\/types\/post"}],"author":[{"embeddable":true,"href":"https:\/\/www.sudoestehoje.com.br\/novoportal\/wp-json\/wp\/v2\/users\/2"}],"replies":[{"embeddable":true,"href":"https:\/\/www.sudoestehoje.com.br\/novoportal\/wp-json\/wp\/v2\/comments?post=68924"}],"version-history":[{"count":5,"href":"https:\/\/www.sudoestehoje.com.br\/novoportal\/wp-json\/wp\/v2\/posts\/68924\/revisions"}],"predecessor-version":[{"id":68931,"href":"https:\/\/www.sudoestehoje.com.br\/novoportal\/wp-json\/wp\/v2\/posts\/68924\/revisions\/68931"}],"wp:featuredmedia":[{"embeddable":true,"href":"https:\/\/www.sudoestehoje.com.br\/novoportal\/wp-json\/wp\/v2\/media\/68927"}],"wp:attachment":[{"href":"https:\/\/www.sudoestehoje.com.br\/novoportal\/wp-json\/wp\/v2\/media?parent=68924"}],"wp:term":[{"taxonomy":"category","embeddable":true,"href":"https:\/\/www.sudoestehoje.com.br\/novoportal\/wp-json\/wp\/v2\/categories?post=68924"},{"taxonomy":"post_tag","embeddable":true,"href":"https:\/\/www.sudoestehoje.com.br\/novoportal\/wp-json\/wp\/v2\/tags?post=68924"}],"curies":[{"name":"wp","href":"https:\/\/api.w.org\/{rel}","templated":true}]}}