
{"id":68919,"date":"2017-11-12T18:54:32","date_gmt":"2017-11-12T21:54:32","guid":{"rendered":"http:\/\/www.sudoestehoje.com.br\/novoportal\/?p=68919"},"modified":"2017-11-12T18:54:32","modified_gmt":"2017-11-12T21:54:32","slug":"democratas-de-itapetinga-cria-nucleos-da-juventude-e-da-mulher","status":"publish","type":"post","link":"https:\/\/www.sudoestehoje.com.br\/novoportal\/2017\/11\/12\/democratas-de-itapetinga-cria-nucleos-da-juventude-e-da-mulher\/","title":{"rendered":"DEMOCRATAS DE ITAPETINGA CRIA N\u00daCLEOS DA JUVENTUDE E DA MULHER"},"content":{"rendered":"<p><a href=\"http:\/\/www.sudoestehoje.com.br\/novoportal\/wp-content\/uploads\/2017\/11\/DEM-ITAPETINGA.jpg\"><img loading=\"lazy\" decoding=\"async\" class=\"aligncenter size-medium wp-image-68920\" src=\"http:\/\/www.sudoestehoje.com.br\/novoportal\/wp-content\/uploads\/2017\/11\/DEM-ITAPETINGA-500x333.jpg\" alt=\"\" width=\"500\" height=\"333\" srcset=\"https:\/\/www.sudoestehoje.com.br\/novoportal\/wp-content\/uploads\/2017\/11\/DEM-ITAPETINGA-500x333.jpg 500w, https:\/\/www.sudoestehoje.com.br\/novoportal\/wp-content\/uploads\/2017\/11\/DEM-ITAPETINGA-768x511.jpg 768w, https:\/\/www.sudoestehoje.com.br\/novoportal\/wp-content\/uploads\/2017\/11\/DEM-ITAPETINGA-700x466.jpg 700w, https:\/\/www.sudoestehoje.com.br\/novoportal\/wp-content\/uploads\/2017\/11\/DEM-ITAPETINGA.jpg 960w\" sizes=\"auto, (max-width: 500px) 100vw, 500px\" \/><\/a><\/p>\n<p>O Partido Democratas (DEM) de Itapetinga, acompanhando o que vem acontecendo na pol\u00edtica local, estadual e nacional, buscando inovar, modernizar, e atrair novos filiados, decidiu em reuni\u00e3o no \u00faltimo dia 10 de novembro, implantar na cidade os n\u00facleos da Juventude Democratas e do Mulher Democratas, tudo sob o comando da Comiss\u00e3o Executiva Municipal, atualmente presidida por Robert Ara\u00fajo.<\/p>\n<p><a href=\"http:\/\/www.sudoestehoje.com.br\/novoportal\/wp-content\/uploads\/2017\/11\/DEM-ITAPETNGA-2.jpg\"><img loading=\"lazy\" decoding=\"async\" class=\"aligncenter size-medium wp-image-68921\" src=\"http:\/\/www.sudoestehoje.com.br\/novoportal\/wp-content\/uploads\/2017\/11\/DEM-ITAPETNGA-2-500x333.jpg\" alt=\"\" width=\"500\" height=\"333\" srcset=\"https:\/\/www.sudoestehoje.com.br\/novoportal\/wp-content\/uploads\/2017\/11\/DEM-ITAPETNGA-2-500x333.jpg 500w, https:\/\/www.sudoestehoje.com.br\/novoportal\/wp-content\/uploads\/2017\/11\/DEM-ITAPETNGA-2-768x511.jpg 768w, https:\/\/www.sudoestehoje.com.br\/novoportal\/wp-content\/uploads\/2017\/11\/DEM-ITAPETNGA-2-700x466.jpg 700w, https:\/\/www.sudoestehoje.com.br\/novoportal\/wp-content\/uploads\/2017\/11\/DEM-ITAPETNGA-2.jpg 960w\" sizes=\"auto, (max-width: 500px) 100vw, 500px\" \/><\/a><\/p>\n<p>Estiveram presentes a reuni\u00e3o, o l\u00edder pol\u00edtico Dr. Jos\u00e9 Ot\u00e1vio, o Vice-Prefeito Renan Pereira, muitos membros do Diret\u00f3rio de Itapetinga e filiados ativos. \u201cAvaliamos nossa reuni\u00e3o como altamente produtiva.<\/p>\n<p><a href=\"http:\/\/www.sudoestehoje.com.br\/novoportal\/wp-content\/uploads\/2017\/11\/DEM-ITAPETINGA-3.jpg\"><img loading=\"lazy\" decoding=\"async\" class=\"aligncenter size-medium wp-image-68922\" src=\"http:\/\/www.sudoestehoje.com.br\/novoportal\/wp-content\/uploads\/2017\/11\/DEM-ITAPETINGA-3-500x333.jpg\" alt=\"\" width=\"500\" height=\"333\" srcset=\"https:\/\/www.sudoestehoje.com.br\/novoportal\/wp-content\/uploads\/2017\/11\/DEM-ITAPETINGA-3-500x333.jpg 500w, https:\/\/www.sudoestehoje.com.br\/novoportal\/wp-content\/uploads\/2017\/11\/DEM-ITAPETINGA-3-768x511.jpg 768w, https:\/\/www.sudoestehoje.com.br\/novoportal\/wp-content\/uploads\/2017\/11\/DEM-ITAPETINGA-3-700x466.jpg 700w, https:\/\/www.sudoestehoje.com.br\/novoportal\/wp-content\/uploads\/2017\/11\/DEM-ITAPETINGA-3.jpg 960w\" sizes=\"auto, (max-width: 500px) 100vw, 500px\" \/><\/a><\/p>\n<p><em>&#8220;Foi oportunizado aos filiados, avaliar o governo municipal, a nossa participa\u00e7\u00e3o no governo, colhendo sugest\u00f5es, visando nossa participa\u00e7\u00e3o na pol\u00edtica em 2018, atentando para nosso protagonismo pol\u00edtico e o fortalecimento do Democratas na vida Social e Pol\u00edtica da nossa querida Itapetinga\u201d<\/em>, comentou Renan Pereira, Vice-Prefeito de Itapetinga, e tamb\u00e9m, Vice-Presidente do Partido Democratas de Itapetinga. \/\/<em>Ascom<\/em><\/p>\n","protected":false},"excerpt":{"rendered":"<p>O Partido Democratas (DEM) de Itapetinga, acompanhando o que vem acontecendo na pol\u00edtica local, estadual e nacional, buscando inovar, modernizar, e atrair novos filiados, decidiu em reuni\u00e3o no \u00faltimo dia 10 de novembro, implantar na cidade os n\u00facleos da Juventude Democratas e do Mulher Democratas, tudo sob o comando da Comiss\u00e3o Executiva Municipal, atualmente presidida [&hellip;]<\/p>\n","protected":false},"author":2,"featured_media":68920,"comment_status":"open","ping_status":"open","sticky":false,"template":"","format":"standard","meta":{"footnotes":"","_links_to":"","_links_to_target":""},"categories":[1],"tags":[],"class_list":["post-68919","post","type-post","status-publish","format-standard","has-post-thumbnail","hentry","category-geral"],"views":1847,"_links":{"self":[{"href":"https:\/\/www.sudoestehoje.com.br\/novoportal\/wp-json\/wp\/v2\/posts\/68919","targetHints":{"allow":["GET"]}}],"collection":[{"href":"https:\/\/www.sudoestehoje.com.br\/novoportal\/wp-json\/wp\/v2\/posts"}],"about":[{"href":"https:\/\/www.sudoestehoje.com.br\/novoportal\/wp-json\/wp\/v2\/types\/post"}],"author":[{"embeddable":true,"href":"https:\/\/www.sudoestehoje.com.br\/novoportal\/wp-json\/wp\/v2\/users\/2"}],"replies":[{"embeddable":true,"href":"https:\/\/www.sudoestehoje.com.br\/novoportal\/wp-json\/wp\/v2\/comments?post=68919"}],"version-history":[{"count":1,"href":"https:\/\/www.sudoestehoje.com.br\/novoportal\/wp-json\/wp\/v2\/posts\/68919\/revisions"}],"predecessor-version":[{"id":68923,"href":"https:\/\/www.sudoestehoje.com.br\/novoportal\/wp-json\/wp\/v2\/posts\/68919\/revisions\/68923"}],"wp:featuredmedia":[{"embeddable":true,"href":"https:\/\/www.sudoestehoje.com.br\/novoportal\/wp-json\/wp\/v2\/media\/68920"}],"wp:attachment":[{"href":"https:\/\/www.sudoestehoje.com.br\/novoportal\/wp-json\/wp\/v2\/media?parent=68919"}],"wp:term":[{"taxonomy":"category","embeddable":true,"href":"https:\/\/www.sudoestehoje.com.br\/novoportal\/wp-json\/wp\/v2\/categories?post=68919"},{"taxonomy":"post_tag","embeddable":true,"href":"https:\/\/www.sudoestehoje.com.br\/novoportal\/wp-json\/wp\/v2\/tags?post=68919"}],"curies":[{"name":"wp","href":"https:\/\/api.w.org\/{rel}","templated":true}]}}