
{"id":68912,"date":"2017-11-12T18:22:07","date_gmt":"2017-11-12T21:22:07","guid":{"rendered":"http:\/\/www.sudoestehoje.com.br\/novoportal\/?p=68912"},"modified":"2017-11-12T18:22:52","modified_gmt":"2017-11-12T21:22:52","slug":"tragedia-onibus-com-sacoleiros-de-itabuna-e-ilheus-tomba-em-minas-e-deixa-6-mortos-e-13-feridos","status":"publish","type":"post","link":"https:\/\/www.sudoestehoje.com.br\/novoportal\/2017\/11\/12\/tragedia-onibus-com-sacoleiros-de-itabuna-e-ilheus-tomba-em-minas-e-deixa-6-mortos-e-13-feridos\/","title":{"rendered":"TRAG\u00c9DIA: \u00d4NIBUS COM SACOLEIROS DE ITABUNA E ILH\u00c9US TOMBA EM MINAS E DEIXA 6 MORTOS E 13 FERIDOS EM ESTADO GRAVE"},"content":{"rendered":"<p><a href=\"http:\/\/www.sudoestehoje.com.br\/novoportal\/wp-content\/uploads\/2017\/11\/onibus-sacoleiros.jpg\"><img loading=\"lazy\" decoding=\"async\" class=\"aligncenter size-medium wp-image-68913\" src=\"http:\/\/www.sudoestehoje.com.br\/novoportal\/wp-content\/uploads\/2017\/11\/onibus-sacoleiros-500x302.jpg\" alt=\"\" width=\"500\" height=\"302\" srcset=\"https:\/\/www.sudoestehoje.com.br\/novoportal\/wp-content\/uploads\/2017\/11\/onibus-sacoleiros-500x302.jpg 500w, https:\/\/www.sudoestehoje.com.br\/novoportal\/wp-content\/uploads\/2017\/11\/onibus-sacoleiros.jpg 529w\" sizes=\"auto, (max-width: 500px) 100vw, 500px\" \/><\/a><\/p>\n<p>Um \u00f4nibus transportando sacoleiros de Itabuna e Ilh\u00e9us tombou na BR-381 na manh\u00e3 deste domingo (12), na cidade de Brumadinho, em Minas Gerais, de acordo com a Autopista Fern\u00e3o Dias, concession\u00e1ria que administra a rodovia.<\/p>\n<p>O acidente ocorreu no sentido S\u00e3o Paulo por volta das 9h50, na divisa com Igarap\u00e9. \u00c0s 11h30, o Corpo de Bombeiros informou que seis pessoas morreram no local, dentre elas um beb\u00ea de nove meses.<\/p>\n<p><a href=\"http:\/\/www.sudoestehoje.com.br\/novoportal\/wp-content\/uploads\/2017\/11\/sacoleiros.jpg\"><img loading=\"lazy\" decoding=\"async\" class=\"aligncenter size-medium wp-image-68914\" src=\"http:\/\/www.sudoestehoje.com.br\/novoportal\/wp-content\/uploads\/2017\/11\/sacoleiros-500x302.jpg\" alt=\"\" width=\"500\" height=\"302\" srcset=\"https:\/\/www.sudoestehoje.com.br\/novoportal\/wp-content\/uploads\/2017\/11\/sacoleiros-500x302.jpg 500w, https:\/\/www.sudoestehoje.com.br\/novoportal\/wp-content\/uploads\/2017\/11\/sacoleiros.jpg 529w\" sizes=\"auto, (max-width: 500px) 100vw, 500px\" \/><\/a><\/p>\n<p>Duas pessoas sofreram amputa\u00e7\u00f5es e uma delas foi conduzida para o Hospital de Pronto-Socorro Jo\u00e3o XXIII, em Belo Horizonte, pelo helic\u00f3ptero da corpora\u00e7\u00e3o. O motorista tamb\u00e9m ficou ferido e foi socorrido.<\/p>\n<p>A Pol\u00edcia Rodovi\u00e1ria Federal confirmou as seis mortes e disse que s\u00e3o 13 feridos, sendo um em estado grave. O \u00f4nibus saiu da Bahia e seguia para a capital paulista. Havia neblina no momento do acidente.<\/p>\n<p>Dentre os mortos, est\u00e1 a jovem logista de Ilh\u00e9us, Gleice dos Santos, propriet\u00e1ria de uma loja no Pontal. A morte de Gleice foi lamentada nas redes sociais.<\/p>\n","protected":false},"excerpt":{"rendered":"<p>Um \u00f4nibus transportando sacoleiros de Itabuna e Ilh\u00e9us tombou na BR-381 na manh\u00e3 deste domingo (12), na cidade de Brumadinho, em Minas Gerais, de acordo com a Autopista Fern\u00e3o Dias, concession\u00e1ria que administra a rodovia. O acidente ocorreu no sentido S\u00e3o Paulo por volta das 9h50, na divisa com Igarap\u00e9. \u00c0s 11h30, o Corpo de [&hellip;]<\/p>\n","protected":false},"author":2,"featured_media":68913,"comment_status":"open","ping_status":"open","sticky":false,"template":"","format":"standard","meta":{"footnotes":"","_links_to":"","_links_to_target":""},"categories":[1],"tags":[],"class_list":["post-68912","post","type-post","status-publish","format-standard","has-post-thumbnail","hentry","category-geral"],"views":30112,"_links":{"self":[{"href":"https:\/\/www.sudoestehoje.com.br\/novoportal\/wp-json\/wp\/v2\/posts\/68912","targetHints":{"allow":["GET"]}}],"collection":[{"href":"https:\/\/www.sudoestehoje.com.br\/novoportal\/wp-json\/wp\/v2\/posts"}],"about":[{"href":"https:\/\/www.sudoestehoje.com.br\/novoportal\/wp-json\/wp\/v2\/types\/post"}],"author":[{"embeddable":true,"href":"https:\/\/www.sudoestehoje.com.br\/novoportal\/wp-json\/wp\/v2\/users\/2"}],"replies":[{"embeddable":true,"href":"https:\/\/www.sudoestehoje.com.br\/novoportal\/wp-json\/wp\/v2\/comments?post=68912"}],"version-history":[{"count":4,"href":"https:\/\/www.sudoestehoje.com.br\/novoportal\/wp-json\/wp\/v2\/posts\/68912\/revisions"}],"predecessor-version":[{"id":68918,"href":"https:\/\/www.sudoestehoje.com.br\/novoportal\/wp-json\/wp\/v2\/posts\/68912\/revisions\/68918"}],"wp:featuredmedia":[{"embeddable":true,"href":"https:\/\/www.sudoestehoje.com.br\/novoportal\/wp-json\/wp\/v2\/media\/68913"}],"wp:attachment":[{"href":"https:\/\/www.sudoestehoje.com.br\/novoportal\/wp-json\/wp\/v2\/media?parent=68912"}],"wp:term":[{"taxonomy":"category","embeddable":true,"href":"https:\/\/www.sudoestehoje.com.br\/novoportal\/wp-json\/wp\/v2\/categories?post=68912"},{"taxonomy":"post_tag","embeddable":true,"href":"https:\/\/www.sudoestehoje.com.br\/novoportal\/wp-json\/wp\/v2\/tags?post=68912"}],"curies":[{"name":"wp","href":"https:\/\/api.w.org\/{rel}","templated":true}]}}