
{"id":68907,"date":"2017-11-12T17:43:32","date_gmt":"2017-11-12T20:43:32","guid":{"rendered":"http:\/\/www.sudoestehoje.com.br\/novoportal\/?p=68907"},"modified":"2017-11-12T17:43:32","modified_gmt":"2017-11-12T20:43:32","slug":"acidente-mata-4-pessoas-da-mesma-familia-crianca-de-3-anos-entre-as-vitimas","status":"publish","type":"post","link":"https:\/\/www.sudoestehoje.com.br\/novoportal\/2017\/11\/12\/acidente-mata-4-pessoas-da-mesma-familia-crianca-de-3-anos-entre-as-vitimas\/","title":{"rendered":"ACIDENTE MATA 4 PESSOAS DA MESMA FAM\u00cdLIA; CRIAN\u00c7A DE 3 ANOS ENTRE AS V\u00cdTIMAS"},"content":{"rendered":"<div class=\"mc-column content-text active-extra-styles active-capital-letter\" data-block-type=\"unstyled\" data-block-weight=\"62\">\n<p class=\"content-text__container theme-color-primary-first-letter\" data-track-category=\"Link no Texto\" data-track-links=\"\"><a href=\"http:\/\/www.sudoestehoje.com.br\/novoportal\/wp-content\/uploads\/2017\/11\/irece-1.jpg\"><img loading=\"lazy\" decoding=\"async\" class=\"aligncenter size-medium wp-image-68908\" src=\"http:\/\/www.sudoestehoje.com.br\/novoportal\/wp-content\/uploads\/2017\/11\/irece-1-500x430.jpg\" alt=\"\" width=\"500\" height=\"430\" srcset=\"https:\/\/www.sudoestehoje.com.br\/novoportal\/wp-content\/uploads\/2017\/11\/irece-1-500x430.jpg 500w, https:\/\/www.sudoestehoje.com.br\/novoportal\/wp-content\/uploads\/2017\/11\/irece-1.jpg 640w\" sizes=\"auto, (max-width: 500px) 100vw, 500px\" \/><\/a><\/p>\n<p class=\"content-text__container theme-color-primary-first-letter\" data-track-category=\"Link no Texto\" data-track-links=\"\">Quatro pessoas da mesma fam\u00edlia, entre elas uma crian\u00e7a de tr\u00eas anos, morreram e outra ficou ferida em uma colis\u00e3o entre dois carros, na manh\u00e3 deste domingo (12), em um trecho da BA-052, na cidade de Irec\u00ea, no norte da Bahia. Uma crian\u00e7a de tr\u00eas anos est\u00e1 entre os mortos. O motorista do outro carro envolvido no acidente fugiu ap\u00f3s a batida.<\/p>\n<\/div>\n<div class=\"mc-column content-text active-extra-styles \" data-block-type=\"unstyled\" data-block-weight=\"48\">\n<p class=\"content-text__container \" data-track-category=\"Link no Texto\" data-track-links=\"\">De acordo com informa\u00e7\u00f5es da Pol\u00edcia Civil, as v\u00edtimas eram comerciantes e estavam a caminho de uma feira livre, na cidade de Am\u00e9rica Dourada, a cerca de 53 km de Irec\u00ea, quando ocorreu o acidente, por volta das 5h. Ainda n\u00e3o h\u00e1 informa\u00e7\u00f5es sobre as circunst\u00e2ncias do acidente.<\/p>\n<p class=\"content-text__container \" data-track-category=\"Link no Texto\" data-track-links=\"\"><a href=\"http:\/\/www.sudoestehoje.com.br\/novoportal\/wp-content\/uploads\/2017\/11\/irec\u00ea-1.jpg\"><img loading=\"lazy\" decoding=\"async\" class=\"aligncenter size-medium wp-image-68909\" src=\"http:\/\/www.sudoestehoje.com.br\/novoportal\/wp-content\/uploads\/2017\/11\/irec\u00ea-1-500x430.jpg\" alt=\"\" width=\"500\" height=\"430\" srcset=\"https:\/\/www.sudoestehoje.com.br\/novoportal\/wp-content\/uploads\/2017\/11\/irec\u00ea-1-500x430.jpg 500w, https:\/\/www.sudoestehoje.com.br\/novoportal\/wp-content\/uploads\/2017\/11\/irec\u00ea-1.jpg 640w\" sizes=\"auto, (max-width: 500px) 100vw, 500px\" \/><\/a><\/p>\n<div class=\"mc-column content-text active-extra-styles \" data-block-type=\"unstyled\" data-block-weight=\"57\">\n<p class=\"content-text__container \" data-track-category=\"Link no Texto\" data-track-links=\"\">As v\u00edtimas fatais foram identificadas pela pol\u00edcia como Edenilson Alves dos Santos, de 54 anos, Zuleide da Silva Ferreira, de 57 anos, Itamara Ferreira dos Santos, de 25 anos, e Graziele Campos Santos, de 3 anos. A v\u00edtima ferida, \u00fanica sobrevivente da fam\u00edlia, foi identificada como Amanda Ferreira dos Santos. Os carros ficaram destru\u00eddos ap\u00f3s a colis\u00e3o.<\/p>\n<\/div>\n<div class=\"mc-column content-text active-extra-styles \" data-block-type=\"unstyled\" data-block-weight=\"45\">\n<p class=\"content-text__container \" data-track-category=\"Link no Texto\" data-track-links=\"\">Conforme a pol\u00edcia, Edenilson e Zuleide eram casados e pais de Itamara e Amanda. A crian\u00e7a \u00e9 filha de Amanda e neta do casal. Amanda Ferreira foi socorrida e levada para o Hospital Regional de Irec\u00ea. N\u00e3o h\u00e1 detalhes sobre o estado de sa\u00fade dela.<\/p>\n<p class=\"content-text__container \" data-track-category=\"Link no Texto\" data-track-links=\"\">Os carros envolvidos na batida foram removidos do local do acidente ap\u00f3s a retirada das v\u00edtimas. O caso ser\u00e1 investigado pela Pol\u00edcia Civil.<\/p>\n<\/div>\n<\/div>\n","protected":false},"excerpt":{"rendered":"<p>Quatro pessoas da mesma fam\u00edlia, entre elas uma crian\u00e7a de tr\u00eas anos, morreram e outra ficou ferida em uma colis\u00e3o entre dois carros, na manh\u00e3 deste domingo (12), em um trecho da BA-052, na cidade de Irec\u00ea, no norte da Bahia. Uma crian\u00e7a de tr\u00eas anos est\u00e1 entre os mortos. O motorista do outro carro [&hellip;]<\/p>\n","protected":false},"author":2,"featured_media":68908,"comment_status":"open","ping_status":"open","sticky":false,"template":"","format":"standard","meta":{"footnotes":"","_links_to":"","_links_to_target":""},"categories":[1],"tags":[],"class_list":["post-68907","post","type-post","status-publish","format-standard","has-post-thumbnail","hentry","category-geral"],"views":28920,"_links":{"self":[{"href":"https:\/\/www.sudoestehoje.com.br\/novoportal\/wp-json\/wp\/v2\/posts\/68907","targetHints":{"allow":["GET"]}}],"collection":[{"href":"https:\/\/www.sudoestehoje.com.br\/novoportal\/wp-json\/wp\/v2\/posts"}],"about":[{"href":"https:\/\/www.sudoestehoje.com.br\/novoportal\/wp-json\/wp\/v2\/types\/post"}],"author":[{"embeddable":true,"href":"https:\/\/www.sudoestehoje.com.br\/novoportal\/wp-json\/wp\/v2\/users\/2"}],"replies":[{"embeddable":true,"href":"https:\/\/www.sudoestehoje.com.br\/novoportal\/wp-json\/wp\/v2\/comments?post=68907"}],"version-history":[{"count":2,"href":"https:\/\/www.sudoestehoje.com.br\/novoportal\/wp-json\/wp\/v2\/posts\/68907\/revisions"}],"predecessor-version":[{"id":68911,"href":"https:\/\/www.sudoestehoje.com.br\/novoportal\/wp-json\/wp\/v2\/posts\/68907\/revisions\/68911"}],"wp:featuredmedia":[{"embeddable":true,"href":"https:\/\/www.sudoestehoje.com.br\/novoportal\/wp-json\/wp\/v2\/media\/68908"}],"wp:attachment":[{"href":"https:\/\/www.sudoestehoje.com.br\/novoportal\/wp-json\/wp\/v2\/media?parent=68907"}],"wp:term":[{"taxonomy":"category","embeddable":true,"href":"https:\/\/www.sudoestehoje.com.br\/novoportal\/wp-json\/wp\/v2\/categories?post=68907"},{"taxonomy":"post_tag","embeddable":true,"href":"https:\/\/www.sudoestehoje.com.br\/novoportal\/wp-json\/wp\/v2\/tags?post=68907"}],"curies":[{"name":"wp","href":"https:\/\/api.w.org\/{rel}","templated":true}]}}