
{"id":68879,"date":"2017-11-10T23:43:21","date_gmt":"2017-11-11T02:43:21","guid":{"rendered":"http:\/\/www.sudoestehoje.com.br\/novoportal\/?p=68879"},"modified":"2017-11-10T23:43:21","modified_gmt":"2017-11-11T02:43:21","slug":"bahia-tera-concurso-com-36-mil-vagas-para-professor-e-coordenador-pedagogico","status":"publish","type":"post","link":"https:\/\/www.sudoestehoje.com.br\/novoportal\/2017\/11\/10\/bahia-tera-concurso-com-36-mil-vagas-para-professor-e-coordenador-pedagogico\/","title":{"rendered":"BAHIA TER\u00c1 CONCURSO COM 3,6 MIL VAGAS PARA PROFESSOR E COORDENADOR PEDAG\u00d3GICO"},"content":{"rendered":"<p><a href=\"http:\/\/www.sudoestehoje.com.br\/novoportal\/wp-content\/uploads\/2017\/11\/estudantes15-1.jpg\"><img loading=\"lazy\" decoding=\"async\" class=\"aligncenter size-medium wp-image-68883\" src=\"http:\/\/www.sudoestehoje.com.br\/novoportal\/wp-content\/uploads\/2017\/11\/estudantes15-1-500x250.jpg\" alt=\"\" width=\"500\" height=\"250\" srcset=\"https:\/\/www.sudoestehoje.com.br\/novoportal\/wp-content\/uploads\/2017\/11\/estudantes15-1-500x250.jpg 500w, https:\/\/www.sudoestehoje.com.br\/novoportal\/wp-content\/uploads\/2017\/11\/estudantes15-1-768x384.jpg 768w, https:\/\/www.sudoestehoje.com.br\/novoportal\/wp-content\/uploads\/2017\/11\/estudantes15-1-700x350.jpg 700w, https:\/\/www.sudoestehoje.com.br\/novoportal\/wp-content\/uploads\/2017\/11\/estudantes15-1.jpg 800w\" sizes=\"auto, (max-width: 500px) 100vw, 500px\" \/><\/a><\/p>\n<p>As inscri\u00e7\u00f5es para 3.096 vagas de professor\u00a0e 664 vagas de coordenador pedag\u00f3gico da rede estadual de ensino ser\u00e3o abertas a partir das 10h de\u00a0ter\u00e7a-feira (14).\u00a0O edital foi publicado na edi\u00e7\u00e3o do Di\u00e1rio Oficial do Estado desta sexta- feira (10).\u00a0A\u00a0inscri\u00e7\u00e3o poder\u00e1 ser feita at\u00e9 as 14h do dia 12 de dezembro.\u00a0Clique\u00a0<a href=\"http:\/\/www.secom.ba.gov.br\/arquivos\/File\/EditaldeAberturadeInscricoes.pdf\" target=\"_blank\" rel=\"noopener noreferrer\"><span style=\"color: #0000ff;\"><strong>aqui<\/strong><\/span>\u00a0<\/a>e acesse o edital na \u00edntegra.<\/p>\n<p class=\"bodytext\">Para o cargo de professor, a remunera\u00e7\u00e3o inicial \u00e9 constitu\u00edda pelo vencimento b\u00e1sico no valor de R$\u00a02.145,36, acrescido de Gratifica\u00e7\u00e3o de Est\u00edmulo \u00e0s Atividades de classe, no percentual de 31,18% incidente sobre o vencimento b\u00e1sico, no valor de R$ 668,92 num total de R$ 2.814,28. A carga hor\u00e1ria semanal \u00e9 de 40 horas.<\/p>\n<p class=\"bodytext\">Para o cargo de coordenador pedag\u00f3gico, a remunera\u00e7\u00e3o inicial \u00e9 constitu\u00edda pelo vencimento b\u00e1sico no valor de R$ 2.145,36, acrescido de Gratifica\u00e7\u00e3o por Condi\u00e7\u00f5es Especiais de Trabalho, no percentual de 34,75%, incidente sobre o vencimento b\u00e1sico, no valor de R$ 745,51, num total de R$ 2.890,87. A carga hor\u00e1ria semanal \u00e9 de tamb\u00e9m 40 horas.<\/p>\n<p>O concurso ser\u00e1 regionalizado, como forma de fidelizar os professores na regi\u00e3o escolhida na inscri\u00e7\u00e3o. Ou seja, o candidato ter\u00e1 que, ao se inscrever,\u00a0 informar em qual cidade quer trabalhar sem possibilidade de transfer\u00eancias.<\/p>\n<p>A aplica\u00e7\u00e3o da 1\u00aa etapa (provas objetivas) e da 2\u00aa etapa (prova discursiva) para todos os cargos est\u00e1 prevista para o dia\u00a025 de fevereiro de 2018 e ser\u00e1 realizada nas cidades de Alagoinhas, Amargosa, Barreiras, Bom Jesus da Lapa, Caetit\u00e9,\u00a0Eun\u00e1polis, Feira de Santana, Ipir\u00e1, Irec\u00ea, Itaberaba, Itabuna, <strong>Itapetinga<\/strong>, Jacobina, Juazeiro, Jequi\u00e9, Maca\u00fabas, Paulo Afonso, Ribeira do Pombal, Salvador, Santa Maria da Vit\u00f3ria, Seabra, Serrinha, Santo Ant\u00f4nio de Jesus, Senhor do Bonfim, Teixeira de Freitas, Valen\u00e7a e Vit\u00f3ria da Conquista.<\/p>\n<p>Para Itapetinga foram reservadas 35 vagas para professor e 11 vagas para coordenador pedag\u00f3gico. \/\/Correio<\/p>\n","protected":false},"excerpt":{"rendered":"<p>As inscri\u00e7\u00f5es para 3.096 vagas de professor\u00a0e 664 vagas de coordenador pedag\u00f3gico da rede estadual de ensino ser\u00e3o abertas a partir das 10h de\u00a0ter\u00e7a-feira (14).\u00a0O edital foi publicado na edi\u00e7\u00e3o do Di\u00e1rio Oficial do Estado desta sexta- feira (10).\u00a0A\u00a0inscri\u00e7\u00e3o poder\u00e1 ser feita at\u00e9 as 14h do dia 12 de dezembro.\u00a0Clique\u00a0aqui\u00a0e acesse o edital na \u00edntegra. [&hellip;]<\/p>\n","protected":false},"author":2,"featured_media":68883,"comment_status":"open","ping_status":"open","sticky":false,"template":"","format":"standard","meta":{"footnotes":"","_links_to":"","_links_to_target":""},"categories":[1],"tags":[],"class_list":["post-68879","post","type-post","status-publish","format-standard","has-post-thumbnail","hentry","category-geral"],"views":1049,"_links":{"self":[{"href":"https:\/\/www.sudoestehoje.com.br\/novoportal\/wp-json\/wp\/v2\/posts\/68879","targetHints":{"allow":["GET"]}}],"collection":[{"href":"https:\/\/www.sudoestehoje.com.br\/novoportal\/wp-json\/wp\/v2\/posts"}],"about":[{"href":"https:\/\/www.sudoestehoje.com.br\/novoportal\/wp-json\/wp\/v2\/types\/post"}],"author":[{"embeddable":true,"href":"https:\/\/www.sudoestehoje.com.br\/novoportal\/wp-json\/wp\/v2\/users\/2"}],"replies":[{"embeddable":true,"href":"https:\/\/www.sudoestehoje.com.br\/novoportal\/wp-json\/wp\/v2\/comments?post=68879"}],"version-history":[{"count":4,"href":"https:\/\/www.sudoestehoje.com.br\/novoportal\/wp-json\/wp\/v2\/posts\/68879\/revisions"}],"predecessor-version":[{"id":68885,"href":"https:\/\/www.sudoestehoje.com.br\/novoportal\/wp-json\/wp\/v2\/posts\/68879\/revisions\/68885"}],"wp:featuredmedia":[{"embeddable":true,"href":"https:\/\/www.sudoestehoje.com.br\/novoportal\/wp-json\/wp\/v2\/media\/68883"}],"wp:attachment":[{"href":"https:\/\/www.sudoestehoje.com.br\/novoportal\/wp-json\/wp\/v2\/media?parent=68879"}],"wp:term":[{"taxonomy":"category","embeddable":true,"href":"https:\/\/www.sudoestehoje.com.br\/novoportal\/wp-json\/wp\/v2\/categories?post=68879"},{"taxonomy":"post_tag","embeddable":true,"href":"https:\/\/www.sudoestehoje.com.br\/novoportal\/wp-json\/wp\/v2\/tags?post=68879"}],"curies":[{"name":"wp","href":"https:\/\/api.w.org\/{rel}","templated":true}]}}