
{"id":6887,"date":"2011-07-22T08:51:08","date_gmt":"2011-07-22T11:51:08","guid":{"rendered":"http:\/\/www.sudoestehoje.com.br\/novoportal\/?p=6887"},"modified":"2011-07-22T08:51:08","modified_gmt":"2011-07-22T11:51:08","slug":"deputado-coronel-admite-que-e-puxa-saco-do-governador","status":"publish","type":"post","link":"https:\/\/www.sudoestehoje.com.br\/novoportal\/2011\/07\/22\/deputado-coronel-admite-que-e-puxa-saco-do-governador\/","title":{"rendered":"DEPUTADO CORONEL ADMITE QUE \u00c9 PUXA-SACO DO GOVERNADOR"},"content":{"rendered":"<p><img loading=\"lazy\" decoding=\"async\" class=\"alignleft\" src=\"http:\/\/www.jornalgrandebahia.com.br\/resize.asp?path=fotos\/12428.jpg&amp;d=100&amp;p=v\" alt=\"\" width=\"221\" height=\"160\" \/>O deputado estadual \u00c2ngelo Coronel (PP), autor do projeto de lei que prop\u00f5e homenagear o governador Jaques Wagner batizando a BA-084 (Serrinha e Biritinga) com seu nome, admite que a iniciativa se deveu mesmo \u00e0 sua necessidade de agraciar o petistas com mimos. Indagado pela R\u00e1dio Metr\u00f3pole se a primeira-dama F\u00e1tima Mendon\u00e7a n\u00e3o sente ci\u00fames da iniciativa puxasaquista, o pepista foi at\u00e9 descort\u00eas: &#8220;N\u00e3o, que ela puxa de uma menira e eu puxo de outra. Ela pode puxar de um jeito, fisicamente, e eu puxo politicamente&#8221;.<\/p>\n","protected":false},"excerpt":{"rendered":"<p>O deputado estadual \u00c2ngelo Coronel (PP), autor do projeto de lei que prop\u00f5e homenagear o governador Jaques Wagner batizando a BA-084 (Serrinha e Biritinga) com seu nome, admite que a iniciativa se deveu mesmo \u00e0 sua necessidade de agraciar o petistas com mimos. Indagado pela R\u00e1dio Metr\u00f3pole se a primeira-dama F\u00e1tima Mendon\u00e7a n\u00e3o sente ci\u00fames [&hellip;]<\/p>\n","protected":false},"author":2,"featured_media":0,"comment_status":"open","ping_status":"open","sticky":false,"template":"","format":"standard","meta":{"footnotes":"","_links_to":"","_links_to_target":""},"categories":[1],"tags":[],"class_list":["post-6887","post","type-post","status-publish","format-standard","hentry","category-geral"],"views":1067,"_links":{"self":[{"href":"https:\/\/www.sudoestehoje.com.br\/novoportal\/wp-json\/wp\/v2\/posts\/6887","targetHints":{"allow":["GET"]}}],"collection":[{"href":"https:\/\/www.sudoestehoje.com.br\/novoportal\/wp-json\/wp\/v2\/posts"}],"about":[{"href":"https:\/\/www.sudoestehoje.com.br\/novoportal\/wp-json\/wp\/v2\/types\/post"}],"author":[{"embeddable":true,"href":"https:\/\/www.sudoestehoje.com.br\/novoportal\/wp-json\/wp\/v2\/users\/2"}],"replies":[{"embeddable":true,"href":"https:\/\/www.sudoestehoje.com.br\/novoportal\/wp-json\/wp\/v2\/comments?post=6887"}],"version-history":[{"count":5,"href":"https:\/\/www.sudoestehoje.com.br\/novoportal\/wp-json\/wp\/v2\/posts\/6887\/revisions"}],"predecessor-version":[{"id":6892,"href":"https:\/\/www.sudoestehoje.com.br\/novoportal\/wp-json\/wp\/v2\/posts\/6887\/revisions\/6892"}],"wp:attachment":[{"href":"https:\/\/www.sudoestehoje.com.br\/novoportal\/wp-json\/wp\/v2\/media?parent=6887"}],"wp:term":[{"taxonomy":"category","embeddable":true,"href":"https:\/\/www.sudoestehoje.com.br\/novoportal\/wp-json\/wp\/v2\/categories?post=6887"},{"taxonomy":"post_tag","embeddable":true,"href":"https:\/\/www.sudoestehoje.com.br\/novoportal\/wp-json\/wp\/v2\/tags?post=6887"}],"curies":[{"name":"wp","href":"https:\/\/api.w.org\/{rel}","templated":true}]}}