
{"id":68828,"date":"2017-11-08T21:48:13","date_gmt":"2017-11-09T00:48:13","guid":{"rendered":"http:\/\/www.sudoestehoje.com.br\/novoportal\/?p=68828"},"modified":"2017-11-08T21:48:13","modified_gmt":"2017-11-09T00:48:13","slug":"rui-costa-anuncia-policlinica-regional-para-conquista-itapetinga-nem-foi-cogitada","status":"publish","type":"post","link":"https:\/\/www.sudoestehoje.com.br\/novoportal\/2017\/11\/08\/rui-costa-anuncia-policlinica-regional-para-conquista-itapetinga-nem-foi-cogitada\/","title":{"rendered":"RUI COSTA ANUNCIA POLICL\u00cdNICA REGIONAL PARA CONQUISTA; ITAPETINGA NEM FOI COGITADA"},"content":{"rendered":"<p><a href=\"http:\/\/www.sudoestehoje.com.br\/novoportal\/wp-content\/uploads\/2017\/11\/policlinica.jpg\"><img loading=\"lazy\" decoding=\"async\" class=\"aligncenter size-medium wp-image-68830\" src=\"http:\/\/www.sudoestehoje.com.br\/novoportal\/wp-content\/uploads\/2017\/11\/policlinica-500x333.jpg\" alt=\"\" width=\"500\" height=\"333\" srcset=\"https:\/\/www.sudoestehoje.com.br\/novoportal\/wp-content\/uploads\/2017\/11\/policlinica-500x333.jpg 500w, https:\/\/www.sudoestehoje.com.br\/novoportal\/wp-content\/uploads\/2017\/11\/policlinica-768x512.jpg 768w, https:\/\/www.sudoestehoje.com.br\/novoportal\/wp-content\/uploads\/2017\/11\/policlinica-700x467.jpg 700w\" sizes=\"auto, (max-width: 500px) 100vw, 500px\" \/><\/a><\/p>\n<p>Como j\u00e1 era esperado, a Policl\u00ednica da regi\u00e3o Sudoeste ser\u00e1 mesmo constru\u00edda em Vit\u00f3ria da Conquista, maior polo regional.<\/p>\n<p>O an\u00fancio foi feito ontem (7) pelo governador Rui Costa, que deve inaugurar em breve algumas unidades j\u00e1 prontas no interior do estado.<\/p>\n<p>Com a decis\u00e3o do governo, Itapetinga perde a chance de ter a sua Policl\u00ednica Regional, apesar de ser o maior centro populacional do M\u00e9dio Sudoeste baiano, mas no entendimento do governador a regi\u00e3o n\u00e3o comportaria outra policl\u00ednica.<\/p>\n<p>O desprest\u00edgio de Itapetinga junto ao governo de Rui Costa \u00e9 t\u00e3o evidente, que at\u00e9 o prometido Mutir\u00e3o de Cirurgias da SESAB, que geralmente \u00e9 realizado nas cidades polos regionais, foi deslocado para a pequena e desestruturada Igua\u00ed, para atender caprichos pol\u00edticos de correligion\u00e1rio do governo.<\/p>\n<p>Estamos sem prest\u00edgio e representa\u00e7\u00e3o.<\/p>\n<p><strong><em>Por Davi Ferraz<\/em><\/strong><\/p>\n","protected":false},"excerpt":{"rendered":"<p>Como j\u00e1 era esperado, a Policl\u00ednica da regi\u00e3o Sudoeste ser\u00e1 mesmo constru\u00edda em Vit\u00f3ria da Conquista, maior polo regional. O an\u00fancio foi feito ontem (7) pelo governador Rui Costa, que deve inaugurar em breve algumas unidades j\u00e1 prontas no interior do estado. Com a decis\u00e3o do governo, Itapetinga perde a chance de ter a sua [&hellip;]<\/p>\n","protected":false},"author":2,"featured_media":68830,"comment_status":"open","ping_status":"open","sticky":false,"template":"","format":"standard","meta":{"footnotes":"","_links_to":"","_links_to_target":""},"categories":[1],"tags":[],"class_list":["post-68828","post","type-post","status-publish","format-standard","has-post-thumbnail","hentry","category-geral"],"views":2389,"_links":{"self":[{"href":"https:\/\/www.sudoestehoje.com.br\/novoportal\/wp-json\/wp\/v2\/posts\/68828","targetHints":{"allow":["GET"]}}],"collection":[{"href":"https:\/\/www.sudoestehoje.com.br\/novoportal\/wp-json\/wp\/v2\/posts"}],"about":[{"href":"https:\/\/www.sudoestehoje.com.br\/novoportal\/wp-json\/wp\/v2\/types\/post"}],"author":[{"embeddable":true,"href":"https:\/\/www.sudoestehoje.com.br\/novoportal\/wp-json\/wp\/v2\/users\/2"}],"replies":[{"embeddable":true,"href":"https:\/\/www.sudoestehoje.com.br\/novoportal\/wp-json\/wp\/v2\/comments?post=68828"}],"version-history":[{"count":3,"href":"https:\/\/www.sudoestehoje.com.br\/novoportal\/wp-json\/wp\/v2\/posts\/68828\/revisions"}],"predecessor-version":[{"id":68832,"href":"https:\/\/www.sudoestehoje.com.br\/novoportal\/wp-json\/wp\/v2\/posts\/68828\/revisions\/68832"}],"wp:featuredmedia":[{"embeddable":true,"href":"https:\/\/www.sudoestehoje.com.br\/novoportal\/wp-json\/wp\/v2\/media\/68830"}],"wp:attachment":[{"href":"https:\/\/www.sudoestehoje.com.br\/novoportal\/wp-json\/wp\/v2\/media?parent=68828"}],"wp:term":[{"taxonomy":"category","embeddable":true,"href":"https:\/\/www.sudoestehoje.com.br\/novoportal\/wp-json\/wp\/v2\/categories?post=68828"},{"taxonomy":"post_tag","embeddable":true,"href":"https:\/\/www.sudoestehoje.com.br\/novoportal\/wp-json\/wp\/v2\/tags?post=68828"}],"curies":[{"name":"wp","href":"https:\/\/api.w.org\/{rel}","templated":true}]}}