
{"id":68802,"date":"2017-11-06T22:56:08","date_gmt":"2017-11-07T01:56:08","guid":{"rendered":"http:\/\/www.sudoestehoje.com.br\/novoportal\/?p=68802"},"modified":"2017-11-06T23:29:05","modified_gmt":"2017-11-07T02:29:05","slug":"cartao-postal-de-itapetinga-praca-dairy-valley-precisa-ser-revitalizada","status":"publish","type":"post","link":"https:\/\/www.sudoestehoje.com.br\/novoportal\/2017\/11\/06\/cartao-postal-de-itapetinga-praca-dairy-valley-precisa-ser-revitalizada\/","title":{"rendered":"CART\u00c3O POSTAL DE ITAPETINGA, PRA\u00c7A DAIRY VALLEY PRECISA SER REVITALIZADA"},"content":{"rendered":"<p><a href=\"http:\/\/www.sudoestehoje.com.br\/novoportal\/wp-content\/uploads\/2017\/11\/boi.jpg\"><img loading=\"lazy\" decoding=\"async\" class=\"aligncenter size-medium wp-image-68804\" src=\"http:\/\/www.sudoestehoje.com.br\/novoportal\/wp-content\/uploads\/2017\/11\/boi-500x375.jpg\" alt=\"\" width=\"500\" height=\"375\" srcset=\"https:\/\/www.sudoestehoje.com.br\/novoportal\/wp-content\/uploads\/2017\/11\/boi-500x375.jpg 500w, https:\/\/www.sudoestehoje.com.br\/novoportal\/wp-content\/uploads\/2017\/11\/boi-768x576.jpg 768w, https:\/\/www.sudoestehoje.com.br\/novoportal\/wp-content\/uploads\/2017\/11\/boi-700x525.jpg 700w, https:\/\/www.sudoestehoje.com.br\/novoportal\/wp-content\/uploads\/2017\/11\/boi.jpg 960w\" sizes=\"auto, (max-width: 500px) 100vw, 500px\" \/><\/a><\/p>\n<p>Constru\u00edda nos anos 60, na primeira gest\u00e3o do prefeito Jos\u00e9 Vaz Espinheira, a antiga &#8220;Pra\u00e7a do Boi&#8221; logo adquiriu fama nacional em virtude das sua belas est\u00e1tuas (o boi, a vaca e o bezerro), obras de arte primorosas que chamaram \u00e0 aten\u00e7\u00e3o de todos que por estas bandas passaram, nos \u00e1ureos tempos da nossa pecu\u00e1ria.<\/p>\n<p>Nos anos 70, a pra\u00e7a passou por uma transforma\u00e7\u00e3o radical e foi reinaugurada pelo prefeito Evandro Andrade, que deu a ela a forma atual.<\/p>\n<p><a href=\"http:\/\/www.sudoestehoje.com.br\/novoportal\/wp-content\/uploads\/2017\/11\/vaca.jpg\"><img loading=\"lazy\" decoding=\"async\" class=\"aligncenter size-medium wp-image-68805\" src=\"http:\/\/www.sudoestehoje.com.br\/novoportal\/wp-content\/uploads\/2017\/11\/vaca-500x375.jpg\" alt=\"\" width=\"500\" height=\"375\" srcset=\"https:\/\/www.sudoestehoje.com.br\/novoportal\/wp-content\/uploads\/2017\/11\/vaca-500x375.jpg 500w, https:\/\/www.sudoestehoje.com.br\/novoportal\/wp-content\/uploads\/2017\/11\/vaca-768x576.jpg 768w, https:\/\/www.sudoestehoje.com.br\/novoportal\/wp-content\/uploads\/2017\/11\/vaca-700x525.jpg 700w, https:\/\/www.sudoestehoje.com.br\/novoportal\/wp-content\/uploads\/2017\/11\/vaca.jpg 960w\" sizes=\"auto, (max-width: 500px) 100vw, 500px\" \/><\/a><\/p>\n<p>De l\u00e1 para c\u00e1, a pra\u00e7a passou por pequenas reformas, visando apenas a sua conserva\u00e7\u00e3o, mas com o passar dos anos o seu belo piso de pedras portuguesas ficou desgastado e tomada de mato, sem falar do\u00a0 jardim envelhecido e desatualizado, que necessita urgentemente de uma revitaliza\u00e7\u00e3o.<\/p>\n<p>As est\u00e1tuas est\u00e3o muito desgastadas, necessitando de reforma e pintura, trabalho que precisa ser realizado com mais frequ\u00eancia.<\/p>\n<p><a href=\"http:\/\/www.sudoestehoje.com.br\/novoportal\/wp-content\/uploads\/2017\/11\/piso.jpg\"><img loading=\"lazy\" decoding=\"async\" class=\"aligncenter size-medium wp-image-68806\" src=\"http:\/\/www.sudoestehoje.com.br\/novoportal\/wp-content\/uploads\/2017\/11\/piso-500x375.jpg\" alt=\"\" width=\"500\" height=\"375\" srcset=\"https:\/\/www.sudoestehoje.com.br\/novoportal\/wp-content\/uploads\/2017\/11\/piso-500x375.jpg 500w, https:\/\/www.sudoestehoje.com.br\/novoportal\/wp-content\/uploads\/2017\/11\/piso-768x576.jpg 768w, https:\/\/www.sudoestehoje.com.br\/novoportal\/wp-content\/uploads\/2017\/11\/piso-700x525.jpg 700w, https:\/\/www.sudoestehoje.com.br\/novoportal\/wp-content\/uploads\/2017\/11\/piso.jpg 960w\" sizes=\"auto, (max-width: 500px) 100vw, 500px\" \/><\/a><\/p>\n<p>Temos certeza de que o gestor municipal incluir\u00e1 a revitaliza\u00e7\u00e3o da nossa mais importante pra\u00e7a, nas suas prioridades.<\/p>\n<p>12 de Dezembro se aproxima e a tradi\u00e7\u00e3o de manter a pra\u00e7a conservada precisa ser mantida, para n\u00e3o tirar o brilho das comemora\u00e7\u00f5es.<\/p>\n<p><strong><em>Por Davi Ferraz<\/em><\/strong><\/p>\n","protected":false},"excerpt":{"rendered":"<p>Constru\u00edda nos anos 60, na primeira gest\u00e3o do prefeito Jos\u00e9 Vaz Espinheira, a antiga &#8220;Pra\u00e7a do Boi&#8221; logo adquiriu fama nacional em virtude das sua belas est\u00e1tuas (o boi, a vaca e o bezerro), obras de arte primorosas que chamaram \u00e0 aten\u00e7\u00e3o de todos que por estas bandas passaram, nos \u00e1ureos tempos da nossa pecu\u00e1ria. [&hellip;]<\/p>\n","protected":false},"author":2,"featured_media":68804,"comment_status":"open","ping_status":"open","sticky":false,"template":"","format":"standard","meta":{"footnotes":"","_links_to":"","_links_to_target":""},"categories":[1],"tags":[],"class_list":["post-68802","post","type-post","status-publish","format-standard","has-post-thumbnail","hentry","category-geral"],"views":4200,"_links":{"self":[{"href":"https:\/\/www.sudoestehoje.com.br\/novoportal\/wp-json\/wp\/v2\/posts\/68802","targetHints":{"allow":["GET"]}}],"collection":[{"href":"https:\/\/www.sudoestehoje.com.br\/novoportal\/wp-json\/wp\/v2\/posts"}],"about":[{"href":"https:\/\/www.sudoestehoje.com.br\/novoportal\/wp-json\/wp\/v2\/types\/post"}],"author":[{"embeddable":true,"href":"https:\/\/www.sudoestehoje.com.br\/novoportal\/wp-json\/wp\/v2\/users\/2"}],"replies":[{"embeddable":true,"href":"https:\/\/www.sudoestehoje.com.br\/novoportal\/wp-json\/wp\/v2\/comments?post=68802"}],"version-history":[{"count":5,"href":"https:\/\/www.sudoestehoje.com.br\/novoportal\/wp-json\/wp\/v2\/posts\/68802\/revisions"}],"predecessor-version":[{"id":68810,"href":"https:\/\/www.sudoestehoje.com.br\/novoportal\/wp-json\/wp\/v2\/posts\/68802\/revisions\/68810"}],"wp:featuredmedia":[{"embeddable":true,"href":"https:\/\/www.sudoestehoje.com.br\/novoportal\/wp-json\/wp\/v2\/media\/68804"}],"wp:attachment":[{"href":"https:\/\/www.sudoestehoje.com.br\/novoportal\/wp-json\/wp\/v2\/media?parent=68802"}],"wp:term":[{"taxonomy":"category","embeddable":true,"href":"https:\/\/www.sudoestehoje.com.br\/novoportal\/wp-json\/wp\/v2\/categories?post=68802"},{"taxonomy":"post_tag","embeddable":true,"href":"https:\/\/www.sudoestehoje.com.br\/novoportal\/wp-json\/wp\/v2\/tags?post=68802"}],"curies":[{"name":"wp","href":"https:\/\/api.w.org\/{rel}","templated":true}]}}