
{"id":68792,"date":"2017-11-06T21:03:52","date_gmt":"2017-11-07T00:03:52","guid":{"rendered":"http:\/\/www.sudoestehoje.com.br\/novoportal\/?p=68792"},"modified":"2017-11-06T21:03:52","modified_gmt":"2017-11-07T00:03:52","slug":"so-na-bahia-jovem-com-diabetes-e-impedida-de-fazer-enem-usando-bomba-de-insulina","status":"publish","type":"post","link":"https:\/\/www.sudoestehoje.com.br\/novoportal\/2017\/11\/06\/so-na-bahia-jovem-com-diabetes-e-impedida-de-fazer-enem-usando-bomba-de-insulina\/","title":{"rendered":"S\u00d3 NA BAHIA: JOVEM COM DIABETES \u00c9 IMPEDIDA DE FAZER ENEM USANDO BOMBA DE INSULINA"},"content":{"rendered":"<div class=\"mc-column content-text active-extra-styles active-capital-letter\" data-block-type=\"unstyled\" data-block-weight=\"44\">\n<p class=\"content-text__container theme-color-primary-first-letter\" data-track-category=\"Link no Texto\" data-track-links=\"\"><a href=\"http:\/\/www.sudoestehoje.com.br\/novoportal\/wp-content\/uploads\/2017\/11\/bombinha2.jpg\"><img loading=\"lazy\" decoding=\"async\" class=\"aligncenter  wp-image-68795\" src=\"http:\/\/www.sudoestehoje.com.br\/novoportal\/wp-content\/uploads\/2017\/11\/bombinha2-500x383.jpg\" alt=\"\" width=\"500\" height=\"383\" srcset=\"https:\/\/www.sudoestehoje.com.br\/novoportal\/wp-content\/uploads\/2017\/11\/bombinha2-500x383.jpg 500w, https:\/\/www.sudoestehoje.com.br\/novoportal\/wp-content\/uploads\/2017\/11\/bombinha2.jpg 640w\" sizes=\"auto, (max-width: 500px) 100vw, 500px\" \/><\/a><\/p>\n<p class=\"content-text__container theme-color-primary-first-letter\" data-track-category=\"Link no Texto\" data-track-links=\"\"><span style=\"text-decoration: underline;\">U<\/span>ma candidata do Exame Nacional do Ensino M\u00e9dio (<a href=\"http:\/\/g1.globo.com\/educacao\/enem\/2017\/\">Enem<\/a>) de 15 anos, que prefere n\u00e3o se identificar, diz ter sido impedida de fazer a prova no domingo (5), na Bahia, porque precisava fazer uso de uma bomba eletr\u00f4nica de insulina para tratamento de diabetes.<\/p>\n<\/div>\n<div class=\"mc-column content-text active-extra-styles \" data-block-type=\"unstyled\" data-block-weight=\"85\">\n<p class=\"content-text__container \" data-track-category=\"Link no Texto\" data-track-links=\"\">O caso ocorreu no Col\u00e9gio Perfil, no bairro de Vilas do Atl\u00e2ntico, em Lauro de Freitas, regi\u00e3o metropolitana de Salvador. Em nota, a assessoria de comunica\u00e7\u00e3o da escola afirmou que lamenta o ocorrido com a jovem, mas sustenta que apenas cede o espa\u00e7o para o Instituto Nacional de Estudos e Pesquisas Educacionais An\u00edsio Teixeira (Inep) realizar as provas do Enem. \u201cTodos os funcion\u00e1rios e colaboradores presentes, assim como a aplica\u00e7\u00e3o das provas e regras estabelecidas, s\u00e3o de responsabilidade do Inep&#8221;, diz a nota do col\u00e9gio.<\/p>\n<\/div>\n<div class=\"mc-column content-text active-extra-styles \" data-block-type=\"unstyled\" data-block-weight=\"47\">\n<p class=\"content-text__container \" data-track-category=\"Link no Texto\" data-track-links=\"\">Procurado pelo\u00a0<strong>G1<\/strong>, o Inep informou que o uso da bomba de insulina deveria ter sido comunicado no ato da inscri\u00e7\u00e3o, para ter direito ao chamado &#8220;atendimento espec\u00edfico&#8221;, o que n\u00e3o foi feito pela candidata. A medida \u00e9 tomada por raz\u00f5es de seguran\u00e7a na aplica\u00e7\u00e3o do exame.<\/p>\n<\/div>\n<div class=\"mc-column content-text active-extra-styles \" data-block-type=\"unstyled\" data-block-weight=\"36\">\n<p class=\"content-text__container \" data-track-category=\"Link no Texto\" data-track-links=\"\">Ainda segundo comunicado do Inep, a coordenadora do local de prova informou \u00e0 candidata que ela n\u00e3o estava autorizada a fazer a prova com o equipamento e, diante disso, a garota decidiu n\u00e3o fazer a prova.<\/p>\n<\/div>\n<div class=\"mc-column content-text active-extra-styles \" data-block-type=\"unstyled\" data-block-weight=\"32\">\n<p class=\"content-text__container \" data-track-category=\"Link no Texto\" data-track-links=\"\">No entanto, a adolescente disse que n\u00e3o considerava o uso de bombinha eletr\u00f4nica uma defici\u00eancia e n\u00e3o encontrou no momento da inscri\u00e7\u00e3o um campo para declarar a necessidade de usar o equipamento.<\/p>\n<\/div>\n<div class=\"mc-column content-text active-extra-styles \" data-block-type=\"unstyled\" data-block-weight=\"60\">\n<p class=\"content-text__container \" data-track-category=\"Link no Texto\" data-track-links=\"\">\u201cEla [a coordenadora] perguntou se eu tirava [a bombinha] para tomar banho. Eu disse que sim, mas eu n\u00e3o tenho como tirar para fazer a prova porque eu posso at\u00e9 passar mal. Eu n\u00e3o me sinto uma deficiente. Eu n\u00e3o me encaixo na parte de deficiente. Tem que ficar claro na inscri\u00e7\u00e3o que eu preciso usar a bombinha eletr\u00f4nica\u201d, disse.<\/p>\n<\/div>\n","protected":false},"excerpt":{"rendered":"<p>Uma candidata do Exame Nacional do Ensino M\u00e9dio (Enem) de 15 anos, que prefere n\u00e3o se identificar, diz ter sido impedida de fazer a prova no domingo (5), na Bahia, porque precisava fazer uso de uma bomba eletr\u00f4nica de insulina para tratamento de diabetes. O caso ocorreu no Col\u00e9gio Perfil, no bairro de Vilas do [&hellip;]<\/p>\n","protected":false},"author":2,"featured_media":68795,"comment_status":"open","ping_status":"open","sticky":false,"template":"","format":"standard","meta":{"footnotes":"","_links_to":"","_links_to_target":""},"categories":[1],"tags":[],"class_list":["post-68792","post","type-post","status-publish","format-standard","has-post-thumbnail","hentry","category-geral"],"views":1220,"_links":{"self":[{"href":"https:\/\/www.sudoestehoje.com.br\/novoportal\/wp-json\/wp\/v2\/posts\/68792","targetHints":{"allow":["GET"]}}],"collection":[{"href":"https:\/\/www.sudoestehoje.com.br\/novoportal\/wp-json\/wp\/v2\/posts"}],"about":[{"href":"https:\/\/www.sudoestehoje.com.br\/novoportal\/wp-json\/wp\/v2\/types\/post"}],"author":[{"embeddable":true,"href":"https:\/\/www.sudoestehoje.com.br\/novoportal\/wp-json\/wp\/v2\/users\/2"}],"replies":[{"embeddable":true,"href":"https:\/\/www.sudoestehoje.com.br\/novoportal\/wp-json\/wp\/v2\/comments?post=68792"}],"version-history":[{"count":4,"href":"https:\/\/www.sudoestehoje.com.br\/novoportal\/wp-json\/wp\/v2\/posts\/68792\/revisions"}],"predecessor-version":[{"id":68797,"href":"https:\/\/www.sudoestehoje.com.br\/novoportal\/wp-json\/wp\/v2\/posts\/68792\/revisions\/68797"}],"wp:featuredmedia":[{"embeddable":true,"href":"https:\/\/www.sudoestehoje.com.br\/novoportal\/wp-json\/wp\/v2\/media\/68795"}],"wp:attachment":[{"href":"https:\/\/www.sudoestehoje.com.br\/novoportal\/wp-json\/wp\/v2\/media?parent=68792"}],"wp:term":[{"taxonomy":"category","embeddable":true,"href":"https:\/\/www.sudoestehoje.com.br\/novoportal\/wp-json\/wp\/v2\/categories?post=68792"},{"taxonomy":"post_tag","embeddable":true,"href":"https:\/\/www.sudoestehoje.com.br\/novoportal\/wp-json\/wp\/v2\/tags?post=68792"}],"curies":[{"name":"wp","href":"https:\/\/api.w.org\/{rel}","templated":true}]}}