
{"id":68772,"date":"2017-11-05T20:33:58","date_gmt":"2017-11-05T23:33:58","guid":{"rendered":"http:\/\/www.sudoestehoje.com.br\/novoportal\/?p=68772"},"modified":"2017-11-05T20:33:58","modified_gmt":"2017-11-05T23:33:58","slug":"grupo-invade-fazendas-em-correntina-e-deixa-prejuizo-estimado-em-r-60-milhoes","status":"publish","type":"post","link":"https:\/\/www.sudoestehoje.com.br\/novoportal\/2017\/11\/05\/grupo-invade-fazendas-em-correntina-e-deixa-prejuizo-estimado-em-r-60-milhoes\/","title":{"rendered":"GRUPO INVADE FAZENDAS EM CORRENTINA E DEIXA PREJU\u00cdZO ESTIMADO EM R$ 60 MILHOES"},"content":{"rendered":"<p><a href=\"http:\/\/www.sudoestehoje.com.br\/novoportal\/wp-content\/uploads\/2017\/11\/correntina.jpg\"><img loading=\"lazy\" decoding=\"async\" class=\"aligncenter size-medium wp-image-68773\" src=\"http:\/\/www.sudoestehoje.com.br\/novoportal\/wp-content\/uploads\/2017\/11\/correntina-500x281.jpg\" alt=\"\" width=\"500\" height=\"281\" srcset=\"https:\/\/www.sudoestehoje.com.br\/novoportal\/wp-content\/uploads\/2017\/11\/correntina-500x281.jpg 500w, https:\/\/www.sudoestehoje.com.br\/novoportal\/wp-content\/uploads\/2017\/11\/correntina-768x431.jpg 768w, https:\/\/www.sudoestehoje.com.br\/novoportal\/wp-content\/uploads\/2017\/11\/correntina-700x393.jpg 700w, https:\/\/www.sudoestehoje.com.br\/novoportal\/wp-content\/uploads\/2017\/11\/correntina.jpg 890w\" sizes=\"auto, (max-width: 500px) 100vw, 500px\" \/><\/a><\/p>\n<p>Ao menos mil pessoas invadiram duas fazendas no munic\u00edpio de Correntina, no oeste baiano, no \u00faltimo dia 2, e deixaram um preju\u00edzo estimado em R$ 60 milh\u00f5es. O grupo argumenta que a irriga\u00e7\u00e3o feita nas fazendas causa falta de \u00e1gua e queda de energia na regi\u00e3o.<\/p>\n<p>Produtores da regi\u00e3o apontam que o grupo destruiu cerca de 20 piv\u00f4s, queimaram\u00a011 tratores, duas m\u00e1quinas\u00a0colheitadeiras, tr\u00eas\u00a0caminh\u00f5es, uma p\u00e1 carregadeira, uma retroescavadeira e uma patrol.<\/p>\n<p>Em nota divulgada \u00e0 imprensa, a empresa\u00a0Lavoura e Pecu\u00e1ria Igarashi condenou a forma de protesto utilizada pelo grupo. A companhia diz que suas instala\u00e7\u00f5es no munic\u00edpio de Correntina foram<em> &#8220;ilegal e arbitrariamente invadidas por indiv\u00edduos que, arrebentando cercas, ateando fogo nas instala\u00e7\u00f5es, destruindo maquin\u00e1rios, todo sistema de energia, tratores, amea\u00e7ando seus colaboradores, promoveram um ato de vandalismo injustific\u00e1vel e criminoso, ferindo, inclusive, um de seus colaboradores&#8221;.<\/em><\/p>\n<p><em>&#8220;A Igarashi ressalta que todas as atividades desenvolvidas possuem as autoriza\u00e7\u00f5es ambientais, que por sua vez percorreram toda tramita\u00e7\u00e3o perante aos \u00f3rg\u00e3os ambientais competentes, sendo que somente foram iniciadas as atividades ap\u00f3s a regular conclus\u00e3o de todos os processos de autoriza\u00e7\u00f5es e licen\u00e7as com seus estudos, inspe\u00e7\u00f5es, vistorias e conclus\u00f5es&#8221;<\/em>, afirma a empresa.<\/p>\n<p>A Igarashi atua na produ\u00e7\u00e3o de alimentos\u00a0como batata, cenoura, feij\u00e3o, tomate, alho, cebola e outros. <em>&#8220;A Igarashi repudia, veementemente, todos os atos criminosos de vandalismo praticados, dos quais foi v\u00edtima. Ato que n\u00e3o tem qualquer legitimidade ou justificativa ambiental, ao tempo em que adotar\u00e1 todas as medidas legais para defesa dos seus direitos e responsabiliza\u00e7\u00e3o dos indiv\u00edduos que cometeram referidos atos de vandalismo&#8221;<\/em>, informa a companhia no comunicado. <strong><em>Confira v\u00eddeo:<\/em><\/strong><\/p>\n<p><iframe loading=\"lazy\" title=\"V\u00e2ndalos destroem instala\u00e7\u00f5es de produtora de alimentos em Correntina, na Bahia\" width=\"500\" height=\"375\" src=\"https:\/\/www.youtube.com\/embed\/1SuN2IT1fMM?start=2&#038;feature=oembed\" frameborder=\"0\" allow=\"accelerometer; autoplay; clipboard-write; encrypted-media; gyroscope; picture-in-picture; web-share\" referrerpolicy=\"strict-origin-when-cross-origin\" allowfullscreen><\/iframe><\/p>\n","protected":false},"excerpt":{"rendered":"<p>Ao menos mil pessoas invadiram duas fazendas no munic\u00edpio de Correntina, no oeste baiano, no \u00faltimo dia 2, e deixaram um preju\u00edzo estimado em R$ 60 milh\u00f5es. O grupo argumenta que a irriga\u00e7\u00e3o feita nas fazendas causa falta de \u00e1gua e queda de energia na regi\u00e3o. Produtores da regi\u00e3o apontam que o grupo destruiu cerca [&hellip;]<\/p>\n","protected":false},"author":2,"featured_media":68773,"comment_status":"open","ping_status":"open","sticky":false,"template":"","format":"standard","meta":{"footnotes":"","_links_to":"","_links_to_target":""},"categories":[1],"tags":[],"class_list":["post-68772","post","type-post","status-publish","format-standard","has-post-thumbnail","hentry","category-geral"],"views":1480,"_links":{"self":[{"href":"https:\/\/www.sudoestehoje.com.br\/novoportal\/wp-json\/wp\/v2\/posts\/68772","targetHints":{"allow":["GET"]}}],"collection":[{"href":"https:\/\/www.sudoestehoje.com.br\/novoportal\/wp-json\/wp\/v2\/posts"}],"about":[{"href":"https:\/\/www.sudoestehoje.com.br\/novoportal\/wp-json\/wp\/v2\/types\/post"}],"author":[{"embeddable":true,"href":"https:\/\/www.sudoestehoje.com.br\/novoportal\/wp-json\/wp\/v2\/users\/2"}],"replies":[{"embeddable":true,"href":"https:\/\/www.sudoestehoje.com.br\/novoportal\/wp-json\/wp\/v2\/comments?post=68772"}],"version-history":[{"count":1,"href":"https:\/\/www.sudoestehoje.com.br\/novoportal\/wp-json\/wp\/v2\/posts\/68772\/revisions"}],"predecessor-version":[{"id":68774,"href":"https:\/\/www.sudoestehoje.com.br\/novoportal\/wp-json\/wp\/v2\/posts\/68772\/revisions\/68774"}],"wp:featuredmedia":[{"embeddable":true,"href":"https:\/\/www.sudoestehoje.com.br\/novoportal\/wp-json\/wp\/v2\/media\/68773"}],"wp:attachment":[{"href":"https:\/\/www.sudoestehoje.com.br\/novoportal\/wp-json\/wp\/v2\/media?parent=68772"}],"wp:term":[{"taxonomy":"category","embeddable":true,"href":"https:\/\/www.sudoestehoje.com.br\/novoportal\/wp-json\/wp\/v2\/categories?post=68772"},{"taxonomy":"post_tag","embeddable":true,"href":"https:\/\/www.sudoestehoje.com.br\/novoportal\/wp-json\/wp\/v2\/tags?post=68772"}],"curies":[{"name":"wp","href":"https:\/\/api.w.org\/{rel}","templated":true}]}}