
{"id":68758,"date":"2017-11-04T18:43:05","date_gmt":"2017-11-04T21:43:05","guid":{"rendered":"http:\/\/www.sudoestehoje.com.br\/novoportal\/?p=68758"},"modified":"2017-11-04T18:43:05","modified_gmt":"2017-11-04T21:43:05","slug":"bahia-lucio-vieira-descarta-possibilidade-de-abandonar-vida-politica","status":"publish","type":"post","link":"https:\/\/www.sudoestehoje.com.br\/novoportal\/2017\/11\/04\/bahia-lucio-vieira-descarta-possibilidade-de-abandonar-vida-politica\/","title":{"rendered":"BAHIA: L\u00daCIO VIEIRA DESCARTA POSSIBILIDADE DE ABANDONAR VIDA POL\u00cdTICA"},"content":{"rendered":"<p><a href=\"http:\/\/www.sudoestehoje.com.br\/novoportal\/wp-content\/uploads\/2017\/11\/LucioVieiraLima_divulga\u00e7\u00e3o.jpg\"><img loading=\"lazy\" decoding=\"async\" class=\"aligncenter size-medium wp-image-68759\" src=\"http:\/\/www.sudoestehoje.com.br\/novoportal\/wp-content\/uploads\/2017\/11\/LucioVieiraLima_divulga\u00e7\u00e3o-500x269.jpg\" alt=\"\" width=\"500\" height=\"269\" srcset=\"https:\/\/www.sudoestehoje.com.br\/novoportal\/wp-content\/uploads\/2017\/11\/LucioVieiraLima_divulga\u00e7\u00e3o-500x269.jpg 500w, https:\/\/www.sudoestehoje.com.br\/novoportal\/wp-content\/uploads\/2017\/11\/LucioVieiraLima_divulga\u00e7\u00e3o.jpg 595w\" sizes=\"auto, (max-width: 500px) 100vw, 500px\" \/><\/a><\/p>\n<p>O deputado federal baiano L\u00facio Vieira Lima (PMDB) refuta a possibilidade de pendurar as chuteiras da vida pol\u00edtica. Neste s\u00e1bado (4), o blog Nem Amigo Nem Inimigo publicou que o irm\u00e3o do ex-ministro Geddel Vieira Lima (PMDB) teria &#8220;jogado a toalha&#8221; com a decis\u00e3o de abandonar a pol\u00edtica.<\/p>\n<p>A publica\u00e7\u00e3o aponta que os motivos giram em torno da pris\u00e3o de Geddel, fato que deixou a m\u00e3e dos Vieira Lima &#8220;abalad\u00edssima&#8221;. Teria pesado ainda na decis\u00e3o de L\u00facio o fato de ter entrado para a pol\u00edtica atrav\u00e9s do irm\u00e3o.<\/p>\n<p>Entretanto, em entrevista ao\u00a0<strong>BNews<\/strong>, o deputado federal negou que exista essa ideia. &#8220;Estou candidat\u00edssimo a deputado federal, trabalhando muito, cada vez mais forte e dando muita aten\u00e7\u00e3o \u00e0s minhas bases&#8221;, disse L\u00facio Vieira Lima.<\/p>\n<p>O parlamentar tamb\u00e9m atribuiu a informa\u00e7\u00e3o do suposto abandono da vida p\u00fablica \u00e0\u00a0gente que &#8220;quer aten\u00e7\u00e3o e est\u00e1 acostumada a inventar coisas&#8221;. \/\/<strong><em>Boc\u00e3o<\/em><\/strong><\/p>\n","protected":false},"excerpt":{"rendered":"<p>O deputado federal baiano L\u00facio Vieira Lima (PMDB) refuta a possibilidade de pendurar as chuteiras da vida pol\u00edtica. Neste s\u00e1bado (4), o blog Nem Amigo Nem Inimigo publicou que o irm\u00e3o do ex-ministro Geddel Vieira Lima (PMDB) teria &#8220;jogado a toalha&#8221; com a decis\u00e3o de abandonar a pol\u00edtica. A publica\u00e7\u00e3o aponta que os motivos giram [&hellip;]<\/p>\n","protected":false},"author":2,"featured_media":68759,"comment_status":"open","ping_status":"open","sticky":false,"template":"","format":"standard","meta":{"footnotes":"","_links_to":"","_links_to_target":""},"categories":[1],"tags":[],"class_list":["post-68758","post","type-post","status-publish","format-standard","has-post-thumbnail","hentry","category-geral"],"views":1317,"_links":{"self":[{"href":"https:\/\/www.sudoestehoje.com.br\/novoportal\/wp-json\/wp\/v2\/posts\/68758","targetHints":{"allow":["GET"]}}],"collection":[{"href":"https:\/\/www.sudoestehoje.com.br\/novoportal\/wp-json\/wp\/v2\/posts"}],"about":[{"href":"https:\/\/www.sudoestehoje.com.br\/novoportal\/wp-json\/wp\/v2\/types\/post"}],"author":[{"embeddable":true,"href":"https:\/\/www.sudoestehoje.com.br\/novoportal\/wp-json\/wp\/v2\/users\/2"}],"replies":[{"embeddable":true,"href":"https:\/\/www.sudoestehoje.com.br\/novoportal\/wp-json\/wp\/v2\/comments?post=68758"}],"version-history":[{"count":2,"href":"https:\/\/www.sudoestehoje.com.br\/novoportal\/wp-json\/wp\/v2\/posts\/68758\/revisions"}],"predecessor-version":[{"id":68761,"href":"https:\/\/www.sudoestehoje.com.br\/novoportal\/wp-json\/wp\/v2\/posts\/68758\/revisions\/68761"}],"wp:featuredmedia":[{"embeddable":true,"href":"https:\/\/www.sudoestehoje.com.br\/novoportal\/wp-json\/wp\/v2\/media\/68759"}],"wp:attachment":[{"href":"https:\/\/www.sudoestehoje.com.br\/novoportal\/wp-json\/wp\/v2\/media?parent=68758"}],"wp:term":[{"taxonomy":"category","embeddable":true,"href":"https:\/\/www.sudoestehoje.com.br\/novoportal\/wp-json\/wp\/v2\/categories?post=68758"},{"taxonomy":"post_tag","embeddable":true,"href":"https:\/\/www.sudoestehoje.com.br\/novoportal\/wp-json\/wp\/v2\/tags?post=68758"}],"curies":[{"name":"wp","href":"https:\/\/api.w.org\/{rel}","templated":true}]}}