
{"id":68750,"date":"2017-11-03T21:54:56","date_gmt":"2017-11-04T00:54:56","guid":{"rendered":"http:\/\/www.sudoestehoje.com.br\/novoportal\/?p=68750"},"modified":"2017-11-03T21:54:56","modified_gmt":"2017-11-04T00:54:56","slug":"detran-suspende-carteiras-de-habilitacao-de-dois-deputados-estaduais-baianos","status":"publish","type":"post","link":"https:\/\/www.sudoestehoje.com.br\/novoportal\/2017\/11\/03\/detran-suspende-carteiras-de-habilitacao-de-dois-deputados-estaduais-baianos\/","title":{"rendered":"DETRAN SUSPENDE CARTEIRAS DE HABILITA\u00c7\u00c3O DE DOIS DEPUTADOS ESTADUAIS BAIANOS"},"content":{"rendered":"<p><a href=\"http:\/\/www.sudoestehoje.com.br\/novoportal\/wp-content\/uploads\/2017\/11\/deputados.jpg\"><img loading=\"lazy\" decoding=\"async\" class=\"aligncenter size-medium wp-image-68756\" src=\"http:\/\/www.sudoestehoje.com.br\/novoportal\/wp-content\/uploads\/2017\/11\/deputados-500x281.jpg\" alt=\"\" width=\"500\" height=\"281\" srcset=\"https:\/\/www.sudoestehoje.com.br\/novoportal\/wp-content\/uploads\/2017\/11\/deputados-500x281.jpg 500w, https:\/\/www.sudoestehoje.com.br\/novoportal\/wp-content\/uploads\/2017\/11\/deputados-768x431.jpg 768w, https:\/\/www.sudoestehoje.com.br\/novoportal\/wp-content\/uploads\/2017\/11\/deputados-700x393.jpg 700w, https:\/\/www.sudoestehoje.com.br\/novoportal\/wp-content\/uploads\/2017\/11\/deputados.jpg 890w\" sizes=\"auto, (max-width: 500px) 100vw, 500px\" \/><\/a><\/p>\n<p>Departamento de Tr\u00e2nsito do estado da Bahia (Detran-BA) suspendeu o direito de dirigir de mais de 9 mil condutores infratores. A lista completa do resultado dos processos administrativos foi publicada no Di\u00e1rio Oficial do Estado nesta quinta-feira (2) e traz alguns nomes conhecidos da pol\u00edtica baiana. Um deles \u00e9 o deputado estadual Adolfo Emanuel Monteiro de Menezes, ou como \u00e9 conhecido no seu mandato:\u00a0Adolfo Menezes (PSD).<\/p>\n<p>Outro deputado estadual que perdeu o direito de dirigir foi Carlos Ubaldino, colega de partido de Adolfo Menezes. A reportagem tentou falar com ambos, mas as liga\u00e7\u00f5es n\u00e3o foram atendidas nesta sexta-feira (3).<\/p>\n<p>Al\u00e9m dos legisladores estaduais, outro legislador, desta vez de Feira de Santana, aparece entre os condutores infratores. Trata-se do vereador petista Alberto Nery. Em conversa com o\u00a0<strong>BNews<\/strong>, Nery disse n\u00e3o ter sido notificado ainda sobre a puni\u00e7\u00e3o. &#8220;Prefiro ter acesso ao processo para depois me manifestar&#8221;, disse o edil.<\/p>\n<p>De acordo com o edital de notifica\u00e7\u00e3o assinado pelo diretor-geral do Detran, L\u00facio Gomes, os motoristas infratores dever\u00e3o passar por um curso de reciclagem. No entanto, os condutores ainda poder\u00e3o apresentar recurso junto \u00e0 Junta Administrativa de Recursos de Infra\u00e7\u00e3o (Jari) na sede do Detran, nos\u00a0postos do SAC e nas CIRETRANs espalhadas no interior da Bahia at\u00e9 dia\u00a015 de dezembro deste ano.<\/p>\n<p>A penalidade s\u00f3 passa a valer a partir do momento em que o condutor entrega sua Carteira Nacional de Habilita\u00e7\u00e3o ao Detran. \/\/<em>Boc\u00e3o<\/em><\/p>\n","protected":false},"excerpt":{"rendered":"<p>Departamento de Tr\u00e2nsito do estado da Bahia (Detran-BA) suspendeu o direito de dirigir de mais de 9 mil condutores infratores. A lista completa do resultado dos processos administrativos foi publicada no Di\u00e1rio Oficial do Estado nesta quinta-feira (2) e traz alguns nomes conhecidos da pol\u00edtica baiana. Um deles \u00e9 o deputado estadual Adolfo Emanuel Monteiro [&hellip;]<\/p>\n","protected":false},"author":2,"featured_media":68756,"comment_status":"open","ping_status":"open","sticky":false,"template":"","format":"standard","meta":{"footnotes":"","_links_to":"","_links_to_target":""},"categories":[1],"tags":[],"class_list":["post-68750","post","type-post","status-publish","format-standard","has-post-thumbnail","hentry","category-geral"],"views":1131,"_links":{"self":[{"href":"https:\/\/www.sudoestehoje.com.br\/novoportal\/wp-json\/wp\/v2\/posts\/68750","targetHints":{"allow":["GET"]}}],"collection":[{"href":"https:\/\/www.sudoestehoje.com.br\/novoportal\/wp-json\/wp\/v2\/posts"}],"about":[{"href":"https:\/\/www.sudoestehoje.com.br\/novoportal\/wp-json\/wp\/v2\/types\/post"}],"author":[{"embeddable":true,"href":"https:\/\/www.sudoestehoje.com.br\/novoportal\/wp-json\/wp\/v2\/users\/2"}],"replies":[{"embeddable":true,"href":"https:\/\/www.sudoestehoje.com.br\/novoportal\/wp-json\/wp\/v2\/comments?post=68750"}],"version-history":[{"count":6,"href":"https:\/\/www.sudoestehoje.com.br\/novoportal\/wp-json\/wp\/v2\/posts\/68750\/revisions"}],"predecessor-version":[{"id":68757,"href":"https:\/\/www.sudoestehoje.com.br\/novoportal\/wp-json\/wp\/v2\/posts\/68750\/revisions\/68757"}],"wp:featuredmedia":[{"embeddable":true,"href":"https:\/\/www.sudoestehoje.com.br\/novoportal\/wp-json\/wp\/v2\/media\/68756"}],"wp:attachment":[{"href":"https:\/\/www.sudoestehoje.com.br\/novoportal\/wp-json\/wp\/v2\/media?parent=68750"}],"wp:term":[{"taxonomy":"category","embeddable":true,"href":"https:\/\/www.sudoestehoje.com.br\/novoportal\/wp-json\/wp\/v2\/categories?post=68750"},{"taxonomy":"post_tag","embeddable":true,"href":"https:\/\/www.sudoestehoje.com.br\/novoportal\/wp-json\/wp\/v2\/tags?post=68750"}],"curies":[{"name":"wp","href":"https:\/\/api.w.org\/{rel}","templated":true}]}}