
{"id":68706,"date":"2017-11-02T00:33:19","date_gmt":"2017-11-02T03:33:19","guid":{"rendered":"http:\/\/www.sudoestehoje.com.br\/novoportal\/?p=68706"},"modified":"2017-11-02T00:33:19","modified_gmt":"2017-11-02T03:33:19","slug":"bahia-estrutura-da-ricardo-eletro-desaba-e-por-pouco-uma-tragedia-nao-acontece","status":"publish","type":"post","link":"https:\/\/www.sudoestehoje.com.br\/novoportal\/2017\/11\/02\/bahia-estrutura-da-ricardo-eletro-desaba-e-por-pouco-uma-tragedia-nao-acontece\/","title":{"rendered":"BAHIA: ESTRUTURA DA RICARDO ELETRO DESABA E POR POUCO UMA TRAG\u00c9DIA N\u00c3O ACONTECE"},"content":{"rendered":"<p><a href=\"http:\/\/www.sudoestehoje.com.br\/novoportal\/wp-content\/uploads\/2017\/11\/RC-1.jpg\"><img loading=\"lazy\" decoding=\"async\" class=\"aligncenter size-medium wp-image-68711\" src=\"http:\/\/www.sudoestehoje.com.br\/novoportal\/wp-content\/uploads\/2017\/11\/RC-1-500x302.jpg\" alt=\"\" width=\"500\" height=\"302\" srcset=\"https:\/\/www.sudoestehoje.com.br\/novoportal\/wp-content\/uploads\/2017\/11\/RC-1-500x302.jpg 500w, https:\/\/www.sudoestehoje.com.br\/novoportal\/wp-content\/uploads\/2017\/11\/RC-1.jpg 529w\" sizes=\"auto, (max-width: 500px) 100vw, 500px\" \/><\/a><\/p>\n<p>A estrutura met\u00e1lica da fachada da Loja de eletrodom\u00e9sticos Ricardo Eletro, localizada na Avenida Rui Barbosa, no Centro de Sim\u00f5es Filho, regi\u00e3o metropolitana de Salvador (RMS), desabou sobre a cal\u00e7ada no incio da tarde desta quarta-feira (1\u00ba).<\/p>\n<p>\u201cEu ia entrar nesta loja para saber do cart\u00e3o da minha filha, mas Deus me deu um livramento. Eu n\u00e3o consegui atravessar, pois havia muitos carros passando no momento. Deus me livrou\u201d, conta Vilma Lima da Silva, 57 anos, moradora da Ceasa.<\/p>\n<p><a href=\"http:\/\/www.sudoestehoje.com.br\/novoportal\/wp-content\/uploads\/2017\/11\/RC-2.jpg\"><img loading=\"lazy\" decoding=\"async\" class=\"aligncenter size-medium wp-image-68712\" src=\"http:\/\/www.sudoestehoje.com.br\/novoportal\/wp-content\/uploads\/2017\/11\/RC-2-500x302.jpg\" alt=\"\" width=\"500\" height=\"302\" srcset=\"https:\/\/www.sudoestehoje.com.br\/novoportal\/wp-content\/uploads\/2017\/11\/RC-2-500x302.jpg 500w, https:\/\/www.sudoestehoje.com.br\/novoportal\/wp-content\/uploads\/2017\/11\/RC-2.jpg 529w\" sizes=\"auto, (max-width: 500px) 100vw, 500px\" \/><\/a><\/p>\n<p>O desabamento ocorreu por volta das 13h30. Ve\u00edculos que estavam estacionados foram levemente atingidos. Embora o local seja de grande movimento, ningu\u00e9m passava pela cal\u00e7ada no momento da queda e n\u00e3o h\u00e1 feridos.<\/p>\n<p>Populares informaram que chovia bastante no momento do acidente e as pessoas estavam dentro das lojas. O Corpo de Bombeiros isolou o local.<strong><em> Veja v\u00eddeo:<\/em><\/strong><\/p>\n<p>https:\/\/www.youtube.com\/watch?time_continue=3&#038;v=S74fyLw5_X8<\/p>\n<p>Ainda n\u00e3o h\u00e1 informa\u00e7\u00f5es sobre o que causou o acidente, mas ao que tudo indica, a estrutura j\u00e1 estava comprometida. Uma per\u00edcia ser\u00e1 realizada para identificar os motivos do desabamento.<\/p>\n","protected":false},"excerpt":{"rendered":"<p>A estrutura met\u00e1lica da fachada da Loja de eletrodom\u00e9sticos Ricardo Eletro, localizada na Avenida Rui Barbosa, no Centro de Sim\u00f5es Filho, regi\u00e3o metropolitana de Salvador (RMS), desabou sobre a cal\u00e7ada no incio da tarde desta quarta-feira (1\u00ba). \u201cEu ia entrar nesta loja para saber do cart\u00e3o da minha filha, mas Deus me deu um livramento. [&hellip;]<\/p>\n","protected":false},"author":2,"featured_media":68711,"comment_status":"open","ping_status":"open","sticky":false,"template":"","format":"standard","meta":{"footnotes":"","_links_to":"","_links_to_target":""},"categories":[1],"tags":[],"class_list":["post-68706","post","type-post","status-publish","format-standard","has-post-thumbnail","hentry","category-geral"],"views":1765,"_links":{"self":[{"href":"https:\/\/www.sudoestehoje.com.br\/novoportal\/wp-json\/wp\/v2\/posts\/68706","targetHints":{"allow":["GET"]}}],"collection":[{"href":"https:\/\/www.sudoestehoje.com.br\/novoportal\/wp-json\/wp\/v2\/posts"}],"about":[{"href":"https:\/\/www.sudoestehoje.com.br\/novoportal\/wp-json\/wp\/v2\/types\/post"}],"author":[{"embeddable":true,"href":"https:\/\/www.sudoestehoje.com.br\/novoportal\/wp-json\/wp\/v2\/users\/2"}],"replies":[{"embeddable":true,"href":"https:\/\/www.sudoestehoje.com.br\/novoportal\/wp-json\/wp\/v2\/comments?post=68706"}],"version-history":[{"count":5,"href":"https:\/\/www.sudoestehoje.com.br\/novoportal\/wp-json\/wp\/v2\/posts\/68706\/revisions"}],"predecessor-version":[{"id":68713,"href":"https:\/\/www.sudoestehoje.com.br\/novoportal\/wp-json\/wp\/v2\/posts\/68706\/revisions\/68713"}],"wp:featuredmedia":[{"embeddable":true,"href":"https:\/\/www.sudoestehoje.com.br\/novoportal\/wp-json\/wp\/v2\/media\/68711"}],"wp:attachment":[{"href":"https:\/\/www.sudoestehoje.com.br\/novoportal\/wp-json\/wp\/v2\/media?parent=68706"}],"wp:term":[{"taxonomy":"category","embeddable":true,"href":"https:\/\/www.sudoestehoje.com.br\/novoportal\/wp-json\/wp\/v2\/categories?post=68706"},{"taxonomy":"post_tag","embeddable":true,"href":"https:\/\/www.sudoestehoje.com.br\/novoportal\/wp-json\/wp\/v2\/tags?post=68706"}],"curies":[{"name":"wp","href":"https:\/\/api.w.org\/{rel}","templated":true}]}}