
{"id":68669,"date":"2017-10-30T17:55:58","date_gmt":"2017-10-30T20:55:58","guid":{"rendered":"http:\/\/www.sudoestehoje.com.br\/novoportal\/?p=68669"},"modified":"2017-10-30T17:55:58","modified_gmt":"2017-10-30T20:55:58","slug":"violencia-na-bahia-em-2016-supera-o-rio-de-janeiro-em-numeros-absolutos","status":"publish","type":"post","link":"https:\/\/www.sudoestehoje.com.br\/novoportal\/2017\/10\/30\/violencia-na-bahia-em-2016-supera-o-rio-de-janeiro-em-numeros-absolutos\/","title":{"rendered":"VIOL\u00caNCIA NA BAHIA EM 2016 SUPERA O RIO DE JANEIRO EM N\u00daMEROS ABSOLUTOS"},"content":{"rendered":"<p><a href=\"http:\/\/www.sudoestehoje.com.br\/novoportal\/wp-content\/uploads\/2017\/10\/VIOLENCIA-BAHIA.jpg\"><img loading=\"lazy\" decoding=\"async\" class=\"aligncenter size-medium wp-image-68670\" src=\"http:\/\/www.sudoestehoje.com.br\/novoportal\/wp-content\/uploads\/2017\/10\/VIOLENCIA-BAHIA-500x310.jpg\" alt=\"\" width=\"500\" height=\"310\" srcset=\"https:\/\/www.sudoestehoje.com.br\/novoportal\/wp-content\/uploads\/2017\/10\/VIOLENCIA-BAHIA-500x310.jpg 500w, https:\/\/www.sudoestehoje.com.br\/novoportal\/wp-content\/uploads\/2017\/10\/VIOLENCIA-BAHIA-768x476.jpg 768w, https:\/\/www.sudoestehoje.com.br\/novoportal\/wp-content\/uploads\/2017\/10\/VIOLENCIA-BAHIA-700x434.jpg 700w, https:\/\/www.sudoestehoje.com.br\/novoportal\/wp-content\/uploads\/2017\/10\/VIOLENCIA-BAHIA.jpg 800w\" sizes=\"auto, (max-width: 500px) 100vw, 500px\" \/><\/a><\/p>\n<p>O Anu\u00e1rio Brasileiro de Seguran\u00e7a P\u00fablica 2017, divulgado pelo F\u00f3rum Brasileiro de Seguran\u00e7a P\u00fablica na manh\u00e3 desta segunda-feira (30), aponta que a Bahia figura na lideran\u00e7a entre os estados com o maior n\u00famero de mortes violentas intencionais em 2016, com o total absoluto de 7.110 \u00f3bitos, ultrapassando o Rio de janeiro, cuja popula\u00e7\u00e3o \u00e9 bem maior.<\/p>\n<p>O dado \u00e9 a soma dos homic\u00eddios dolosos, latroc\u00ednio, les\u00e3o corporal seguida de morte, n\u00famero de policiais assassinados em confronto e morte decorrente de interven\u00e7\u00e3o policial (em servi\u00e7o ou fora).<\/p>\n<p>Ao todo, s\u00e3o quase mil mortes a mais do que no ano de 2015, em que foram registradas 6.273. J\u00e1 a taxa, que \u00e9 a quantidade de mortes por 100 mil habitantes, cresceu de 41,3%, para 46,5% no estado.<\/p>\n<p>No Brasil, a m\u00e9dia \u00e9 de 29,9%. No quesito proporcional entre ocorr\u00eancias e n\u00fameros de habitantes,\u00a0a Bahia aparece na s\u00e9tima coloca\u00e7\u00e3o entre os estados com a maior taxa de homic\u00eddios,\u00a0atr\u00e1s de\u00a0Sergipe (64%), Rio Grande do Norte (56,9%), Alagoas (55,9%), Par\u00e1 (50,9%), Pernambuco (47,6%) e Amap\u00e1 (49,6%).<\/p>\n<p>Em nota, a SSP-BA Contesta a metodologia do estudo e diz que os dados n\u00e3o s\u00e3o confi\u00e1veis.<\/p>\n","protected":false},"excerpt":{"rendered":"<p>O Anu\u00e1rio Brasileiro de Seguran\u00e7a P\u00fablica 2017, divulgado pelo F\u00f3rum Brasileiro de Seguran\u00e7a P\u00fablica na manh\u00e3 desta segunda-feira (30), aponta que a Bahia figura na lideran\u00e7a entre os estados com o maior n\u00famero de mortes violentas intencionais em 2016, com o total absoluto de 7.110 \u00f3bitos, ultrapassando o Rio de janeiro, cuja popula\u00e7\u00e3o \u00e9 bem [&hellip;]<\/p>\n","protected":false},"author":2,"featured_media":68670,"comment_status":"open","ping_status":"open","sticky":false,"template":"","format":"standard","meta":{"footnotes":"","_links_to":"","_links_to_target":""},"categories":[1],"tags":[],"class_list":["post-68669","post","type-post","status-publish","format-standard","has-post-thumbnail","hentry","category-geral"],"views":3563,"_links":{"self":[{"href":"https:\/\/www.sudoestehoje.com.br\/novoportal\/wp-json\/wp\/v2\/posts\/68669","targetHints":{"allow":["GET"]}}],"collection":[{"href":"https:\/\/www.sudoestehoje.com.br\/novoportal\/wp-json\/wp\/v2\/posts"}],"about":[{"href":"https:\/\/www.sudoestehoje.com.br\/novoportal\/wp-json\/wp\/v2\/types\/post"}],"author":[{"embeddable":true,"href":"https:\/\/www.sudoestehoje.com.br\/novoportal\/wp-json\/wp\/v2\/users\/2"}],"replies":[{"embeddable":true,"href":"https:\/\/www.sudoestehoje.com.br\/novoportal\/wp-json\/wp\/v2\/comments?post=68669"}],"version-history":[{"count":2,"href":"https:\/\/www.sudoestehoje.com.br\/novoportal\/wp-json\/wp\/v2\/posts\/68669\/revisions"}],"predecessor-version":[{"id":68672,"href":"https:\/\/www.sudoestehoje.com.br\/novoportal\/wp-json\/wp\/v2\/posts\/68669\/revisions\/68672"}],"wp:featuredmedia":[{"embeddable":true,"href":"https:\/\/www.sudoestehoje.com.br\/novoportal\/wp-json\/wp\/v2\/media\/68670"}],"wp:attachment":[{"href":"https:\/\/www.sudoestehoje.com.br\/novoportal\/wp-json\/wp\/v2\/media?parent=68669"}],"wp:term":[{"taxonomy":"category","embeddable":true,"href":"https:\/\/www.sudoestehoje.com.br\/novoportal\/wp-json\/wp\/v2\/categories?post=68669"},{"taxonomy":"post_tag","embeddable":true,"href":"https:\/\/www.sudoestehoje.com.br\/novoportal\/wp-json\/wp\/v2\/tags?post=68669"}],"curies":[{"name":"wp","href":"https:\/\/api.w.org\/{rel}","templated":true}]}}