
{"id":6866,"date":"2011-07-21T01:35:47","date_gmt":"2011-07-21T04:35:47","guid":{"rendered":"http:\/\/www.sudoestehoje.com.br\/novoportal\/?p=6866"},"modified":"2011-07-21T01:50:35","modified_gmt":"2011-07-21T04:50:35","slug":"e-agora-joao-de-deus","status":"publish","type":"post","link":"https:\/\/www.sudoestehoje.com.br\/novoportal\/2011\/07\/21\/e-agora-joao-de-deus\/","title":{"rendered":"E AGORA, JO\u00c3O DE DEUS?"},"content":{"rendered":"<p style=\"text-align: center;\"><a href=\"http:\/\/www.google.com.br\/imgres?imgurl=http:\/\/h2.vibeflog.com\/2007\/04\/17\/17\/16491778.jpg&amp;imgrefurl=http:\/\/hiphopnordestino.blogspot.com\/2010_05_02_archive.html&amp;usg=__jEIX9Gkgtp04zv--pq5dWpV2SxQ=&amp;h=341&amp;w=432&amp;sz=20&amp;hl=pt-BR&amp;start=14&amp;zoom=1&amp;itbs=1&amp;tbnid=X-1KPPUv3ss_NM:&amp;tbnh=99&amp;tbnw=126&amp;prev=\/search%3Fq%3Dfora%2Bdo%2Bar%26hl%3Dpt-BR%26sa%3DG%26biw%3D1003%26bih%3D587%26gbv%3D2%26tbm%3Disch&amp;ei=fawnTp3nB5Sjtgei74S8Cg\"><img loading=\"lazy\" decoding=\"async\" id=\"X-1KPPUv3ss_NM:\" class=\"aligncenter\" src=\"http:\/\/t2.gstatic.com\/images?q=tbn:ANd9GcQX-OCIc80NpV34XL54sOUqbzVolRzX1hqP60ZbZOqN3FwVshywytfmGg\" alt=\"\" width=\"126\" height=\"99\" \/><\/a><\/p>\n<p>Depois das s\u00e9rias den\u00fancias do vereador Ded\u00e9 Morais, mostrando que as empresas de Amaral Jr. s\u00e3o apenas de fachada, o presidente da C\u00e2mara de Vereadores n\u00e3o pode mais manter o contrato celebrado entre a C\u00e2mara de Vereadores e essa empresa, pelo valor de R$3.500,00 mensais. Se os contratos n\u00e3o forem suspensos ou rescindidos, a bem do servi\u00e7o p\u00fablico,\u00a0 Jo\u00e3o de Deus pode se complicar e ter seu nome envolvido em toda essa sujeira. Ser\u00e1 que ele vai ter coragem de romper com Amaral, ou vai amofinar? Vamos acompanhar e cobrar&#8230;<\/p>\n","protected":false},"excerpt":{"rendered":"<p>Depois das s\u00e9rias den\u00fancias do vereador Ded\u00e9 Morais, mostrando que as empresas de Amaral Jr. s\u00e3o apenas de fachada, o presidente da C\u00e2mara de Vereadores n\u00e3o pode mais manter o contrato celebrado entre a C\u00e2mara de Vereadores e essa empresa, pelo valor de R$3.500,00 mensais. Se os contratos n\u00e3o forem suspensos ou rescindidos, a bem [&hellip;]<\/p>\n","protected":false},"author":2,"featured_media":0,"comment_status":"open","ping_status":"open","sticky":false,"template":"","format":"standard","meta":{"footnotes":"","_links_to":"","_links_to_target":""},"categories":[11],"tags":[],"class_list":["post-6866","post","type-post","status-publish","format-standard","hentry","category-quentinhas"],"views":1220,"_links":{"self":[{"href":"https:\/\/www.sudoestehoje.com.br\/novoportal\/wp-json\/wp\/v2\/posts\/6866","targetHints":{"allow":["GET"]}}],"collection":[{"href":"https:\/\/www.sudoestehoje.com.br\/novoportal\/wp-json\/wp\/v2\/posts"}],"about":[{"href":"https:\/\/www.sudoestehoje.com.br\/novoportal\/wp-json\/wp\/v2\/types\/post"}],"author":[{"embeddable":true,"href":"https:\/\/www.sudoestehoje.com.br\/novoportal\/wp-json\/wp\/v2\/users\/2"}],"replies":[{"embeddable":true,"href":"https:\/\/www.sudoestehoje.com.br\/novoportal\/wp-json\/wp\/v2\/comments?post=6866"}],"version-history":[{"count":5,"href":"https:\/\/www.sudoestehoje.com.br\/novoportal\/wp-json\/wp\/v2\/posts\/6866\/revisions"}],"predecessor-version":[{"id":6870,"href":"https:\/\/www.sudoestehoje.com.br\/novoportal\/wp-json\/wp\/v2\/posts\/6866\/revisions\/6870"}],"wp:attachment":[{"href":"https:\/\/www.sudoestehoje.com.br\/novoportal\/wp-json\/wp\/v2\/media?parent=6866"}],"wp:term":[{"taxonomy":"category","embeddable":true,"href":"https:\/\/www.sudoestehoje.com.br\/novoportal\/wp-json\/wp\/v2\/categories?post=6866"},{"taxonomy":"post_tag","embeddable":true,"href":"https:\/\/www.sudoestehoje.com.br\/novoportal\/wp-json\/wp\/v2\/tags?post=6866"}],"curies":[{"name":"wp","href":"https:\/\/api.w.org\/{rel}","templated":true}]}}