
{"id":68643,"date":"2017-10-29T10:38:37","date_gmt":"2017-10-29T13:38:37","guid":{"rendered":"http:\/\/www.sudoestehoje.com.br\/novoportal\/?p=68643"},"modified":"2017-10-29T10:38:37","modified_gmt":"2017-10-29T13:38:37","slug":"estado-islamico-divulga-propaganda-com-execucao-de-neymar-e-messi","status":"publish","type":"post","link":"https:\/\/www.sudoestehoje.com.br\/novoportal\/2017\/10\/29\/estado-islamico-divulga-propaganda-com-execucao-de-neymar-e-messi\/","title":{"rendered":"ESTADO ISL\u00c2MICO DIVULGA PROPAGANDA COM EXECU\u00c7\u00c3O DE NEYMAR E MESSI"},"content":{"rendered":"<p><a href=\"http:\/\/www.sudoestehoje.com.br\/novoportal\/wp-content\/uploads\/2017\/10\/csm_neymar_bf301830eb.jpg\"><img loading=\"lazy\" decoding=\"async\" class=\"aligncenter size-medium wp-image-68644\" src=\"http:\/\/www.sudoestehoje.com.br\/novoportal\/wp-content\/uploads\/2017\/10\/csm_neymar_bf301830eb-500x651.jpg\" alt=\"\" width=\"500\" height=\"651\" srcset=\"https:\/\/www.sudoestehoje.com.br\/novoportal\/wp-content\/uploads\/2017\/10\/csm_neymar_bf301830eb-500x651.jpg 500w, https:\/\/www.sudoestehoje.com.br\/novoportal\/wp-content\/uploads\/2017\/10\/csm_neymar_bf301830eb.jpg 768w, https:\/\/www.sudoestehoje.com.br\/novoportal\/wp-content\/uploads\/2017\/10\/csm_neymar_bf301830eb-691x900.jpg 691w\" sizes=\"auto, (max-width: 500px) 100vw, 500px\" \/><\/a><\/p>\n<p>De acordo com o Site Intel Group, organiza\u00e7\u00e3o de monitoramento de extremistas, o grupo pr\u00f3-Estado Isl\u00e2mico Wafa&#8217; Media Foundation divulgou esta semana material de propaganda em que os jogadores Messi e Neymar aparecem numa cena de execu\u00e7\u00e3o.<\/p>\n<p>Na montagem,\u00a0o craque argentino aparece j\u00e1 morto e o brasileiro ajoelhado sendo segurado por um extremista com uma faca, da mesma maneira como o Estado Isl\u00e2mico mata\u00a0muitas de suas v\u00edtimas nos v\u00eddeos que divulga.<\/p>\n<p>Uma inscri\u00e7\u00e3o em ingl\u00eas diz &#8220;Voc\u00eas n\u00e3o ter\u00e3o seguran\u00e7a enquanto n\u00f3s n\u00e3o a vivermos nos pa\u00edses mu\u00e7ulmanos&#8221;.\u00a0Segundo\u00a0o\u00a0Intel Group, o material faz parte de uma s\u00e9rie de p\u00f4steres com amea\u00e7as \u00e0 Copa de 2018, que acontecer\u00e1 na R\u00fassia.\u00a0A Wafa&#8217; Media Foundation j\u00e1 havia feito outro p\u00f4ster com Messi anteriormente.<\/p>\n","protected":false},"excerpt":{"rendered":"<p>De acordo com o Site Intel Group, organiza\u00e7\u00e3o de monitoramento de extremistas, o grupo pr\u00f3-Estado Isl\u00e2mico Wafa&#8217; Media Foundation divulgou esta semana material de propaganda em que os jogadores Messi e Neymar aparecem numa cena de execu\u00e7\u00e3o. Na montagem,\u00a0o craque argentino aparece j\u00e1 morto e o brasileiro ajoelhado sendo segurado por um extremista com uma [&hellip;]<\/p>\n","protected":false},"author":2,"featured_media":68644,"comment_status":"open","ping_status":"open","sticky":false,"template":"","format":"standard","meta":{"footnotes":"","_links_to":"","_links_to_target":""},"categories":[1],"tags":[],"class_list":["post-68643","post","type-post","status-publish","format-standard","has-post-thumbnail","hentry","category-geral"],"views":2298,"_links":{"self":[{"href":"https:\/\/www.sudoestehoje.com.br\/novoportal\/wp-json\/wp\/v2\/posts\/68643","targetHints":{"allow":["GET"]}}],"collection":[{"href":"https:\/\/www.sudoestehoje.com.br\/novoportal\/wp-json\/wp\/v2\/posts"}],"about":[{"href":"https:\/\/www.sudoestehoje.com.br\/novoportal\/wp-json\/wp\/v2\/types\/post"}],"author":[{"embeddable":true,"href":"https:\/\/www.sudoestehoje.com.br\/novoportal\/wp-json\/wp\/v2\/users\/2"}],"replies":[{"embeddable":true,"href":"https:\/\/www.sudoestehoje.com.br\/novoportal\/wp-json\/wp\/v2\/comments?post=68643"}],"version-history":[{"count":3,"href":"https:\/\/www.sudoestehoje.com.br\/novoportal\/wp-json\/wp\/v2\/posts\/68643\/revisions"}],"predecessor-version":[{"id":68647,"href":"https:\/\/www.sudoestehoje.com.br\/novoportal\/wp-json\/wp\/v2\/posts\/68643\/revisions\/68647"}],"wp:featuredmedia":[{"embeddable":true,"href":"https:\/\/www.sudoestehoje.com.br\/novoportal\/wp-json\/wp\/v2\/media\/68644"}],"wp:attachment":[{"href":"https:\/\/www.sudoestehoje.com.br\/novoportal\/wp-json\/wp\/v2\/media?parent=68643"}],"wp:term":[{"taxonomy":"category","embeddable":true,"href":"https:\/\/www.sudoestehoje.com.br\/novoportal\/wp-json\/wp\/v2\/categories?post=68643"},{"taxonomy":"post_tag","embeddable":true,"href":"https:\/\/www.sudoestehoje.com.br\/novoportal\/wp-json\/wp\/v2\/tags?post=68643"}],"curies":[{"name":"wp","href":"https:\/\/api.w.org\/{rel}","templated":true}]}}