
{"id":68614,"date":"2017-10-25T20:27:58","date_gmt":"2017-10-25T23:27:58","guid":{"rendered":"http:\/\/www.sudoestehoje.com.br\/novoportal\/?p=68614"},"modified":"2017-10-25T23:11:52","modified_gmt":"2017-10-26T02:11:52","slug":"temer-alcanca-numero-de-votos-suficientes-para-barrar-2a-denuncia-na-camara","status":"publish","type":"post","link":"https:\/\/www.sudoestehoje.com.br\/novoportal\/2017\/10\/25\/temer-alcanca-numero-de-votos-suficientes-para-barrar-2a-denuncia-na-camara\/","title":{"rendered":"TEMER ALCAN\u00c7A N\u00daMERO DE VOTOS SUFICIENTE PARA BARRAR 2\u00aa DEN\u00daNCIA NA C\u00c2MARA"},"content":{"rendered":"<div class=\"mc-column content-text active-extra-styles active-capital-letter\" data-block-type=\"unstyled\" data-block-weight=\"29\">\n<p class=\"content-text__container theme-color-primary-first-letter\" data-track-category=\"Link no Texto\" data-track-links=\"\"><a href=\"http:\/\/www.sudoestehoje.com.br\/novoportal\/wp-content\/uploads\/2017\/10\/vota\u00e7\u00e3o-temer.jpg\"><img loading=\"lazy\" decoding=\"async\" class=\"aligncenter size-medium wp-image-68619\" src=\"http:\/\/www.sudoestehoje.com.br\/novoportal\/wp-content\/uploads\/2017\/10\/vota\u00e7\u00e3o-temer-500x375.jpg\" alt=\"\" width=\"500\" height=\"375\" srcset=\"https:\/\/www.sudoestehoje.com.br\/novoportal\/wp-content\/uploads\/2017\/10\/vota\u00e7\u00e3o-temer-500x375.jpg 500w, https:\/\/www.sudoestehoje.com.br\/novoportal\/wp-content\/uploads\/2017\/10\/vota\u00e7\u00e3o-temer-768x576.jpg 768w, https:\/\/www.sudoestehoje.com.br\/novoportal\/wp-content\/uploads\/2017\/10\/vota\u00e7\u00e3o-temer-700x525.jpg 700w, https:\/\/www.sudoestehoje.com.br\/novoportal\/wp-content\/uploads\/2017\/10\/vota\u00e7\u00e3o-temer.jpg 960w\" sizes=\"auto, (max-width: 500px) 100vw, 500px\" \/><\/a><\/p>\n<p class=\"content-text__container theme-color-primary-first-letter\" data-track-category=\"Link no Texto\" data-track-links=\"\">C\u00e2mara dos Deputados rejeitou nesta quarta-feira (25) enviar ao Supremo Tribunal Federal (STF) a segunda\u00a0den\u00fancia contra o presidente Michel Temer, apresentada pela Procuradoria Geral da Rep\u00fablica (PGR).<\/p>\n<\/div>\n<div class=\"mc-column content-text active-extra-styles \" data-block-type=\"unstyled\" data-block-weight=\"34\">\n<p class=\"content-text__container \" data-track-category=\"Link no Texto\" data-track-links=\"\">Temer foi denunciado pelos crimes de\u00a0organiza\u00e7\u00e3o criminosa e obstru\u00e7\u00e3o de Justi\u00e7a. A den\u00fancia rejeitada pela C\u00e2mara tamb\u00e9m inclui os ministros Eliseu Padilha (Casa Civil) e Moreira Franco (Secretaria Geral),\u00a0acusados de organiza\u00e7\u00e3o criminosa.<\/p>\n<\/div>\n<div class=\"mc-column content-text active-extra-styles \" data-block-type=\"unstyled\" data-block-weight=\"31\">\n<p class=\"content-text__container \" data-track-category=\"Link no Texto\" data-track-links=\"\">Esta \u00e9 a segunda vez que os deputados livram o presidente de ser processado. A primeira den\u00fancia, por corrup\u00e7\u00e3o passiva,\u00a0foi votada em agosto e rejeitada, por 263 votos a 227.<\/p>\n<p class=\"content-text__container \" data-track-category=\"Link no Texto\" data-track-links=\"\">Na segunda denuncia em andamento na C\u00e2mara, o presidente Temer alcan\u00e7ou os votos suficientes para barrar a nova den\u00fancia, antes mesmo do t\u00e9rmino da vota\u00e7\u00e3o.<\/p>\n<p class=\"content-text__container \" data-track-category=\"Link no Texto\" data-track-links=\"\">O placar final foi de 251 votos a favor do relat\u00f3rio, contra 233 votos contr\u00e1rios.<\/p>\n<p class=\"content-text__container \" data-track-category=\"Link no Texto\" data-track-links=\"\"><strong><em>Por Davi Ferraz<\/em><\/strong><\/p>\n<\/div>\n","protected":false},"excerpt":{"rendered":"<p>C\u00e2mara dos Deputados rejeitou nesta quarta-feira (25) enviar ao Supremo Tribunal Federal (STF) a segunda\u00a0den\u00fancia contra o presidente Michel Temer, apresentada pela Procuradoria Geral da Rep\u00fablica (PGR). Temer foi denunciado pelos crimes de\u00a0organiza\u00e7\u00e3o criminosa e obstru\u00e7\u00e3o de Justi\u00e7a. A den\u00fancia rejeitada pela C\u00e2mara tamb\u00e9m inclui os ministros Eliseu Padilha (Casa Civil) e Moreira Franco (Secretaria [&hellip;]<\/p>\n","protected":false},"author":2,"featured_media":68616,"comment_status":"open","ping_status":"open","sticky":false,"template":"","format":"standard","meta":{"footnotes":"","_links_to":"","_links_to_target":""},"categories":[1],"tags":[],"class_list":["post-68614","post","type-post","status-publish","format-standard","has-post-thumbnail","hentry","category-geral"],"views":1035,"_links":{"self":[{"href":"https:\/\/www.sudoestehoje.com.br\/novoportal\/wp-json\/wp\/v2\/posts\/68614","targetHints":{"allow":["GET"]}}],"collection":[{"href":"https:\/\/www.sudoestehoje.com.br\/novoportal\/wp-json\/wp\/v2\/posts"}],"about":[{"href":"https:\/\/www.sudoestehoje.com.br\/novoportal\/wp-json\/wp\/v2\/types\/post"}],"author":[{"embeddable":true,"href":"https:\/\/www.sudoestehoje.com.br\/novoportal\/wp-json\/wp\/v2\/users\/2"}],"replies":[{"embeddable":true,"href":"https:\/\/www.sudoestehoje.com.br\/novoportal\/wp-json\/wp\/v2\/comments?post=68614"}],"version-history":[{"count":7,"href":"https:\/\/www.sudoestehoje.com.br\/novoportal\/wp-json\/wp\/v2\/posts\/68614\/revisions"}],"predecessor-version":[{"id":68624,"href":"https:\/\/www.sudoestehoje.com.br\/novoportal\/wp-json\/wp\/v2\/posts\/68614\/revisions\/68624"}],"wp:featuredmedia":[{"embeddable":true,"href":"https:\/\/www.sudoestehoje.com.br\/novoportal\/wp-json\/wp\/v2\/media\/68616"}],"wp:attachment":[{"href":"https:\/\/www.sudoestehoje.com.br\/novoportal\/wp-json\/wp\/v2\/media?parent=68614"}],"wp:term":[{"taxonomy":"category","embeddable":true,"href":"https:\/\/www.sudoestehoje.com.br\/novoportal\/wp-json\/wp\/v2\/categories?post=68614"},{"taxonomy":"post_tag","embeddable":true,"href":"https:\/\/www.sudoestehoje.com.br\/novoportal\/wp-json\/wp\/v2\/tags?post=68614"}],"curies":[{"name":"wp","href":"https:\/\/api.w.org\/{rel}","templated":true}]}}