
{"id":68610,"date":"2017-10-25T14:26:15","date_gmt":"2017-10-25T17:26:15","guid":{"rendered":"http:\/\/www.sudoestehoje.com.br\/novoportal\/?p=68610"},"modified":"2017-10-25T14:26:15","modified_gmt":"2017-10-25T17:26:15","slug":"temer-passa-mal-e-e-internado-com-urgencia","status":"publish","type":"post","link":"https:\/\/www.sudoestehoje.com.br\/novoportal\/2017\/10\/25\/temer-passa-mal-e-e-internado-com-urgencia\/","title":{"rendered":"TEMER PASSA MAL E \u00c9 INTERNADO COM URG\u00caNCIA"},"content":{"rendered":"<p><a href=\"http:\/\/www.sudoestehoje.com.br\/novoportal\/wp-content\/uploads\/2017\/10\/temer-chateado_pr.jpg\"><img loading=\"lazy\" decoding=\"async\" class=\"aligncenter size-medium wp-image-68612\" src=\"http:\/\/www.sudoestehoje.com.br\/novoportal\/wp-content\/uploads\/2017\/10\/temer-chateado_pr-500x334.jpg\" alt=\"\" width=\"500\" height=\"334\" srcset=\"https:\/\/www.sudoestehoje.com.br\/novoportal\/wp-content\/uploads\/2017\/10\/temer-chateado_pr-500x334.jpg 500w, https:\/\/www.sudoestehoje.com.br\/novoportal\/wp-content\/uploads\/2017\/10\/temer-chateado_pr.jpg 640w\" sizes=\"auto, (max-width: 500px) 100vw, 500px\" \/><\/a><\/p>\n<p>O presidente Michel Temer, 77 anos, passou mal no Pal\u00e1cio do Planalto e foi internado no Centro Cir\u00fargico do Hospital do Ex\u00e9rcito, em Bras\u00edlia, nesta quarta-feira (25). Segundo a reportagem da GloboNews, o problema que levou peemedebista ao hospital \u00e9 urol\u00f3gico, n\u00e3o relacionado \u00e0s suas coron\u00e1rias, que estavam obstru\u00eddas no in\u00edcio deste m\u00eas. O estado de sa\u00fade dele \u00e9 desconhecido.<\/p>\n<p>Nesta manh\u00e3, o presidente da C\u00e2mara dos Deputados, Rodrigo Maia (DEM), encerrou a sess\u00e3o que vota a den\u00fancia contra o presidente, que deve ser reaberta logo mais.<\/p>\n<p>Um dos comandantes da tropa de choque do governo na C\u00e2mara, o deputado Beto Mansur (PRB-SP) diz acreditar que agora, com a estrat\u00e9gia do governo de for\u00e7ar a presen\u00e7a de quem est\u00e1 obstruindo a sess\u00e3o de vota\u00e7\u00e3o da den\u00fancia, haja o qu\u00f3rum m\u00ednimo para que a vota\u00e7\u00e3o comece.<\/p>\n<p>S\u00e3o necess\u00e1rios ao menos 342 deputados no plen\u00e1rio. Depois de colocar o requerimento para o adiamento da vota\u00e7\u00e3o, aumentou o fluxo e entrada de deputados no plen\u00e1rio.<\/p>\n","protected":false},"excerpt":{"rendered":"<p>O presidente Michel Temer, 77 anos, passou mal no Pal\u00e1cio do Planalto e foi internado no Centro Cir\u00fargico do Hospital do Ex\u00e9rcito, em Bras\u00edlia, nesta quarta-feira (25). Segundo a reportagem da GloboNews, o problema que levou peemedebista ao hospital \u00e9 urol\u00f3gico, n\u00e3o relacionado \u00e0s suas coron\u00e1rias, que estavam obstru\u00eddas no in\u00edcio deste m\u00eas. O estado [&hellip;]<\/p>\n","protected":false},"author":2,"featured_media":68612,"comment_status":"open","ping_status":"open","sticky":false,"template":"","format":"standard","meta":{"footnotes":"","_links_to":"","_links_to_target":""},"categories":[1],"tags":[],"class_list":["post-68610","post","type-post","status-publish","format-standard","has-post-thumbnail","hentry","category-geral"],"views":1240,"_links":{"self":[{"href":"https:\/\/www.sudoestehoje.com.br\/novoportal\/wp-json\/wp\/v2\/posts\/68610","targetHints":{"allow":["GET"]}}],"collection":[{"href":"https:\/\/www.sudoestehoje.com.br\/novoportal\/wp-json\/wp\/v2\/posts"}],"about":[{"href":"https:\/\/www.sudoestehoje.com.br\/novoportal\/wp-json\/wp\/v2\/types\/post"}],"author":[{"embeddable":true,"href":"https:\/\/www.sudoestehoje.com.br\/novoportal\/wp-json\/wp\/v2\/users\/2"}],"replies":[{"embeddable":true,"href":"https:\/\/www.sudoestehoje.com.br\/novoportal\/wp-json\/wp\/v2\/comments?post=68610"}],"version-history":[{"count":2,"href":"https:\/\/www.sudoestehoje.com.br\/novoportal\/wp-json\/wp\/v2\/posts\/68610\/revisions"}],"predecessor-version":[{"id":68613,"href":"https:\/\/www.sudoestehoje.com.br\/novoportal\/wp-json\/wp\/v2\/posts\/68610\/revisions\/68613"}],"wp:featuredmedia":[{"embeddable":true,"href":"https:\/\/www.sudoestehoje.com.br\/novoportal\/wp-json\/wp\/v2\/media\/68612"}],"wp:attachment":[{"href":"https:\/\/www.sudoestehoje.com.br\/novoportal\/wp-json\/wp\/v2\/media?parent=68610"}],"wp:term":[{"taxonomy":"category","embeddable":true,"href":"https:\/\/www.sudoestehoje.com.br\/novoportal\/wp-json\/wp\/v2\/categories?post=68610"},{"taxonomy":"post_tag","embeddable":true,"href":"https:\/\/www.sudoestehoje.com.br\/novoportal\/wp-json\/wp\/v2\/tags?post=68610"}],"curies":[{"name":"wp","href":"https:\/\/api.w.org\/{rel}","templated":true}]}}