
{"id":68430,"date":"2017-10-20T18:04:42","date_gmt":"2017-10-20T21:04:42","guid":{"rendered":"http:\/\/www.sudoestehoje.com.br\/novoportal\/?p=68430"},"modified":"2017-10-20T18:04:42","modified_gmt":"2017-10-20T21:04:42","slug":"prefeitos-do-consorcio-vale-do-rio-pardo-protestam-contra-queda-de-receitas","status":"publish","type":"post","link":"https:\/\/www.sudoestehoje.com.br\/novoportal\/2017\/10\/20\/prefeitos-do-consorcio-vale-do-rio-pardo-protestam-contra-queda-de-receitas\/","title":{"rendered":"PREFEITOS DO CONS\u00d3RCIO VALE DO RIO PARDO PROTESTAM CONTRA QUEDA DE RECEITAS"},"content":{"rendered":"<p><a href=\"http:\/\/www.sudoestehoje.com.br\/novoportal\/wp-content\/uploads\/2017\/10\/CIVARP.jpg\"><img loading=\"lazy\" decoding=\"async\" class=\"aligncenter  wp-image-68432\" src=\"http:\/\/www.sudoestehoje.com.br\/novoportal\/wp-content\/uploads\/2017\/10\/CIVARP.jpg\" alt=\"\" width=\"500\" height=\"378\" \/><\/a><\/p>\n<p>O prefeito de Itamb\u00e9 Eduardo Gama, presidente do Cons\u00f3rcio Intermunicipal Vale do Rio Pardo &#8211; CIVARP, que re\u00fane os munic\u00edpios de Itamb\u00e9, Ribeir\u00e3o do Largo, Encruzilhada, Caatiba, C\u00e2ndido Sales, Macarani e Itarantim, informou em nota a esse blog que foi definido ontem em reuni\u00e3o na UPB, o fechamento das prefeituras na pr\u00f3xima quinta-feira (26) em sinal de protesto pela queda de receita e outros pontos.<\/p>\n<p>No mesmo dia, todos os prefeitos que integram o CIVARP est\u00e3o convocados a estarem na Assembleia Legislativa da Bahia, em Salvador, realizando uma manifesta\u00e7\u00e3o.<\/p>\n<p><em>&#8220;A presen\u00e7a de todos os prefeitos, vereadores e secret\u00e1rios \u00e9 muito importante, para expressarmos a nossa indigna\u00e7\u00e3o e principalmente mostrar que estamos unidos, em busca de dias melhores pra nossos munic\u00edpios&#8221;<\/em>, ressaltou o prefeito Eduardo Gama.<\/p>\n","protected":false},"excerpt":{"rendered":"<p>O prefeito de Itamb\u00e9 Eduardo Gama, presidente do Cons\u00f3rcio Intermunicipal Vale do Rio Pardo &#8211; CIVARP, que re\u00fane os munic\u00edpios de Itamb\u00e9, Ribeir\u00e3o do Largo, Encruzilhada, Caatiba, C\u00e2ndido Sales, Macarani e Itarantim, informou em nota a esse blog que foi definido ontem em reuni\u00e3o na UPB, o fechamento das prefeituras na pr\u00f3xima quinta-feira (26) em [&hellip;]<\/p>\n","protected":false},"author":2,"featured_media":68432,"comment_status":"open","ping_status":"open","sticky":false,"template":"","format":"standard","meta":{"footnotes":"","_links_to":"","_links_to_target":""},"categories":[1],"tags":[],"class_list":["post-68430","post","type-post","status-publish","format-standard","has-post-thumbnail","hentry","category-geral"],"views":1322,"_links":{"self":[{"href":"https:\/\/www.sudoestehoje.com.br\/novoportal\/wp-json\/wp\/v2\/posts\/68430","targetHints":{"allow":["GET"]}}],"collection":[{"href":"https:\/\/www.sudoestehoje.com.br\/novoportal\/wp-json\/wp\/v2\/posts"}],"about":[{"href":"https:\/\/www.sudoestehoje.com.br\/novoportal\/wp-json\/wp\/v2\/types\/post"}],"author":[{"embeddable":true,"href":"https:\/\/www.sudoestehoje.com.br\/novoportal\/wp-json\/wp\/v2\/users\/2"}],"replies":[{"embeddable":true,"href":"https:\/\/www.sudoestehoje.com.br\/novoportal\/wp-json\/wp\/v2\/comments?post=68430"}],"version-history":[{"count":8,"href":"https:\/\/www.sudoestehoje.com.br\/novoportal\/wp-json\/wp\/v2\/posts\/68430\/revisions"}],"predecessor-version":[{"id":68439,"href":"https:\/\/www.sudoestehoje.com.br\/novoportal\/wp-json\/wp\/v2\/posts\/68430\/revisions\/68439"}],"wp:featuredmedia":[{"embeddable":true,"href":"https:\/\/www.sudoestehoje.com.br\/novoportal\/wp-json\/wp\/v2\/media\/68432"}],"wp:attachment":[{"href":"https:\/\/www.sudoestehoje.com.br\/novoportal\/wp-json\/wp\/v2\/media?parent=68430"}],"wp:term":[{"taxonomy":"category","embeddable":true,"href":"https:\/\/www.sudoestehoje.com.br\/novoportal\/wp-json\/wp\/v2\/categories?post=68430"},{"taxonomy":"post_tag","embeddable":true,"href":"https:\/\/www.sudoestehoje.com.br\/novoportal\/wp-json\/wp\/v2\/tags?post=68430"}],"curies":[{"name":"wp","href":"https:\/\/api.w.org\/{rel}","templated":true}]}}