
{"id":684,"date":"2010-09-28T14:08:06","date_gmt":"2010-09-28T17:08:06","guid":{"rendered":"http:\/\/sudoestehoje.tempsite.ws\/novoportal\/?p=684"},"modified":"2010-09-28T14:11:17","modified_gmt":"2010-09-28T17:11:17","slug":"192-eleitoral","status":"publish","type":"post","link":"https:\/\/www.sudoestehoje.com.br\/novoportal\/2010\/09\/28\/192-eleitoral\/","title":{"rendered":"192 eleitoral"},"content":{"rendered":"<p style=\"text-align: center;\"><a href=\"http:\/\/www.google.com.br\/imgres?imgurl=http:\/\/1.bp.blogspot.com\/_bLUq386smmw\/TGxVZeAlXXI\/AAAAAAAAAhs\/vH2hcUNPnJM\/s400\/jorge-solla-site-310x218.jpg&amp;imgrefurl=http:\/\/saudeitabuna.blogspot.com\/2010\/08\/santa-casa-se-reune-com-sesab.html&amp;usg=__tsqzwDXGDdjgDafU3eBNj05ndHU=&amp;h=218&amp;w=310&amp;sz=23&amp;hl=pt-BR&amp;start=93&amp;zoom=1&amp;um=1&amp;itbs=1&amp;tbnid=8NxhdkC0YYixlM:&amp;tbnh=82&amp;tbnw=117&amp;prev=\/images%3Fq%3DSolla%2Bsamu%2B192%26start%3D80%26um%3D1%26hl%3Dpt-BR%26sa%3DN%26rlz%3D1R2SKPB_pt-BRBR354%26ndsp%3D20%26tbs%3Disch:1\"><img loading=\"lazy\" decoding=\"async\" class=\"aligncenter\" src=\"http:\/\/t1.gstatic.com\/images?q=tbn:8NxhdkC0YYixlM:http:\/\/1.bp.blogspot.com\/_bLUq386smmw\/TGxVZeAlXXI\/AAAAAAAAAhs\/vH2hcUNPnJM\/s400\/jorge-solla-site-310x218.jpg\" alt=\"\" width=\"117\" height=\"82\" \/><\/a><\/p>\n<p style=\"text-align: center;\">\u00c9 estranho como este pessoal do PT insiste e descumprir a lei. Faltando 4 dias para as elei\u00e7\u00f5es, os caras v\u00eam para o interior, na maior cara-de-pau, entregar as suas ambul\u00e2ncias\u00a0(Samu 192)\u00a0eleitorais, nas barbas da justi\u00e7a. N\u00e3o tenho d\u00favida que o prefeito Z\u00e9 Carlos vai\u00a0desfilar em carreata com as ambul\u00e2ncias enviadas pelo governo federal, al\u00e9m de exib\u00ed-las no p\u00e1tio da prefeitura,\u00a0at\u00e9 o dia do pleito. Como Wagner n\u00e3o pode,\u00a0vem Solla. Como diz o velho ditado, &#8220;quando o diabo n\u00e3o vem, manda o secret\u00e1rio&#8221;. Deus me livre<\/p>\n","protected":false},"excerpt":{"rendered":"<p>\u00c9 estranho como este pessoal do PT insiste e descumprir a lei. Faltando 4 dias para as elei\u00e7\u00f5es, os caras v\u00eam para o interior, na maior cara-de-pau, entregar as suas ambul\u00e2ncias\u00a0(Samu 192)\u00a0eleitorais, nas barbas da justi\u00e7a. N\u00e3o tenho d\u00favida que o prefeito Z\u00e9 Carlos vai\u00a0desfilar em carreata com as ambul\u00e2ncias enviadas pelo governo federal, al\u00e9m [&hellip;]<\/p>\n","protected":false},"author":2,"featured_media":0,"comment_status":"open","ping_status":"open","sticky":false,"template":"","format":"standard","meta":{"footnotes":"","_links_to":"","_links_to_target":""},"categories":[11],"tags":[],"class_list":["post-684","post","type-post","status-publish","format-standard","hentry","category-quentinhas"],"views":1270,"_links":{"self":[{"href":"https:\/\/www.sudoestehoje.com.br\/novoportal\/wp-json\/wp\/v2\/posts\/684","targetHints":{"allow":["GET"]}}],"collection":[{"href":"https:\/\/www.sudoestehoje.com.br\/novoportal\/wp-json\/wp\/v2\/posts"}],"about":[{"href":"https:\/\/www.sudoestehoje.com.br\/novoportal\/wp-json\/wp\/v2\/types\/post"}],"author":[{"embeddable":true,"href":"https:\/\/www.sudoestehoje.com.br\/novoportal\/wp-json\/wp\/v2\/users\/2"}],"replies":[{"embeddable":true,"href":"https:\/\/www.sudoestehoje.com.br\/novoportal\/wp-json\/wp\/v2\/comments?post=684"}],"version-history":[{"count":4,"href":"https:\/\/www.sudoestehoje.com.br\/novoportal\/wp-json\/wp\/v2\/posts\/684\/revisions"}],"predecessor-version":[{"id":687,"href":"https:\/\/www.sudoestehoje.com.br\/novoportal\/wp-json\/wp\/v2\/posts\/684\/revisions\/687"}],"wp:attachment":[{"href":"https:\/\/www.sudoestehoje.com.br\/novoportal\/wp-json\/wp\/v2\/media?parent=684"}],"wp:term":[{"taxonomy":"category","embeddable":true,"href":"https:\/\/www.sudoestehoje.com.br\/novoportal\/wp-json\/wp\/v2\/categories?post=684"},{"taxonomy":"post_tag","embeddable":true,"href":"https:\/\/www.sudoestehoje.com.br\/novoportal\/wp-json\/wp\/v2\/tags?post=684"}],"curies":[{"name":"wp","href":"https:\/\/api.w.org\/{rel}","templated":true}]}}