
{"id":68242,"date":"2017-10-09T22:35:47","date_gmt":"2017-10-10T01:35:47","guid":{"rendered":"http:\/\/www.sudoestehoje.com.br\/novoportal\/?p=68242"},"modified":"2017-10-09T22:35:47","modified_gmt":"2017-10-10T01:35:47","slug":"itapetinga-prefeito-rodrigo-nao-confirma-nova-fabrica-anunciada-em-blog","status":"publish","type":"post","link":"https:\/\/www.sudoestehoje.com.br\/novoportal\/2017\/10\/09\/itapetinga-prefeito-rodrigo-nao-confirma-nova-fabrica-anunciada-em-blog\/","title":{"rendered":"ITAPETINGA: PREFEITO RODRIGO N\u00c3O CONFIRMA NOVA F\u00c1BRICA ANUNCIADA EM BLOG"},"content":{"rendered":"<p><a href=\"http:\/\/www.sudoestehoje.com.br\/novoportal\/wp-content\/uploads\/2017\/10\/hagg.jpg\"><img loading=\"lazy\" decoding=\"async\" class=\"aligncenter size-medium wp-image-68243\" src=\"http:\/\/www.sudoestehoje.com.br\/novoportal\/wp-content\/uploads\/2017\/10\/hagg-500x289.jpg\" alt=\"\" width=\"500\" height=\"289\" srcset=\"https:\/\/www.sudoestehoje.com.br\/novoportal\/wp-content\/uploads\/2017\/10\/hagg-500x289.jpg 500w, https:\/\/www.sudoestehoje.com.br\/novoportal\/wp-content\/uploads\/2017\/10\/hagg-768x444.jpg 768w, https:\/\/www.sudoestehoje.com.br\/novoportal\/wp-content\/uploads\/2017\/10\/hagg-700x405.jpg 700w, https:\/\/www.sudoestehoje.com.br\/novoportal\/wp-content\/uploads\/2017\/10\/hagg.jpg 960w\" sizes=\"auto, (max-width: 500px) 100vw, 500px\" \/><\/a><\/p>\n<p>Nesta segunda-feira, um blog local deu como not\u00edcia &#8220;exclusiva&#8221; a instala\u00e7\u00e3o de uma nova f\u00e1brica de cal\u00e7ados em Itapetinga, citando como fonte o pr\u00f3prio prefeito Rodrigo Hagge.<\/p>\n<p>Ao tomar conhecimento da &#8216;boa nova&#8217; o Sudoeste Hoje manteve contato com o chefe do executivo para parabeniz\u00e1-lo, mas foi informado que ainda n\u00e3o h\u00e1 nada de concreto sobre a nova f\u00e1brica de cal\u00e7ados citada na mat\u00e9ria, mas apenas conversas preliminares com um empres\u00e1rio do sul do pa\u00eds que manifestou interesse por Itapetinga.<\/p>\n<p>Rodrigo salientou que an\u00fancios precipitados dessa natureza n\u00e3o condizem com o seu modo de governar o munic\u00edpio, e podem gerar expectativas sem qualquer fundamento e embara\u00e7os junto \u00e0 popula\u00e7\u00e3o, t\u00e3o carente que \u00e9 de empregos.<\/p>\n<p>O prefeito reiterou o seu intento de buscar incessantemente novas ind\u00fastrias para Itapetinga, mas informou que todos os an\u00fancios a esse respeito ser\u00e3o comunicados \u00e0 popula\u00e7\u00e3o, de forma oficial, respons\u00e1vel e inequ\u00edvoca, atrav\u00e9s da sua Assessoria de Comunica\u00e7\u00e3o, ou em coletiva \u00e0 imprensa.<\/p>\n<p><strong><em>Por Davi Ferraz\u00a0<\/em><\/strong><\/p>\n","protected":false},"excerpt":{"rendered":"<p>Nesta segunda-feira, um blog local deu como not\u00edcia &#8220;exclusiva&#8221; a instala\u00e7\u00e3o de uma nova f\u00e1brica de cal\u00e7ados em Itapetinga, citando como fonte o pr\u00f3prio prefeito Rodrigo Hagge. Ao tomar conhecimento da &#8216;boa nova&#8217; o Sudoeste Hoje manteve contato com o chefe do executivo para parabeniz\u00e1-lo, mas foi informado que ainda n\u00e3o h\u00e1 nada de concreto [&hellip;]<\/p>\n","protected":false},"author":2,"featured_media":68243,"comment_status":"open","ping_status":"open","sticky":false,"template":"","format":"standard","meta":{"footnotes":"","_links_to":"","_links_to_target":""},"categories":[1],"tags":[],"class_list":["post-68242","post","type-post","status-publish","format-standard","has-post-thumbnail","hentry","category-geral"],"views":2607,"_links":{"self":[{"href":"https:\/\/www.sudoestehoje.com.br\/novoportal\/wp-json\/wp\/v2\/posts\/68242","targetHints":{"allow":["GET"]}}],"collection":[{"href":"https:\/\/www.sudoestehoje.com.br\/novoportal\/wp-json\/wp\/v2\/posts"}],"about":[{"href":"https:\/\/www.sudoestehoje.com.br\/novoportal\/wp-json\/wp\/v2\/types\/post"}],"author":[{"embeddable":true,"href":"https:\/\/www.sudoestehoje.com.br\/novoportal\/wp-json\/wp\/v2\/users\/2"}],"replies":[{"embeddable":true,"href":"https:\/\/www.sudoestehoje.com.br\/novoportal\/wp-json\/wp\/v2\/comments?post=68242"}],"version-history":[{"count":1,"href":"https:\/\/www.sudoestehoje.com.br\/novoportal\/wp-json\/wp\/v2\/posts\/68242\/revisions"}],"predecessor-version":[{"id":68244,"href":"https:\/\/www.sudoestehoje.com.br\/novoportal\/wp-json\/wp\/v2\/posts\/68242\/revisions\/68244"}],"wp:featuredmedia":[{"embeddable":true,"href":"https:\/\/www.sudoestehoje.com.br\/novoportal\/wp-json\/wp\/v2\/media\/68243"}],"wp:attachment":[{"href":"https:\/\/www.sudoestehoje.com.br\/novoportal\/wp-json\/wp\/v2\/media?parent=68242"}],"wp:term":[{"taxonomy":"category","embeddable":true,"href":"https:\/\/www.sudoestehoje.com.br\/novoportal\/wp-json\/wp\/v2\/categories?post=68242"},{"taxonomy":"post_tag","embeddable":true,"href":"https:\/\/www.sudoestehoje.com.br\/novoportal\/wp-json\/wp\/v2\/tags?post=68242"}],"curies":[{"name":"wp","href":"https:\/\/api.w.org\/{rel}","templated":true}]}}