
{"id":68230,"date":"2017-10-09T18:45:50","date_gmt":"2017-10-09T21:45:50","guid":{"rendered":"http:\/\/www.sudoestehoje.com.br\/novoportal\/?p=68230"},"modified":"2017-10-09T19:00:52","modified_gmt":"2017-10-09T22:00:52","slug":"duplicacao-da-rodovia-itabuna-ilheus-enfrenta-desconfianca-regional","status":"publish","type":"post","link":"https:\/\/www.sudoestehoje.com.br\/novoportal\/2017\/10\/09\/duplicacao-da-rodovia-itabuna-ilheus-enfrenta-desconfianca-regional\/","title":{"rendered":"DUPLICA\u00c7\u00c3O DA RODOVIA ITABUNA &#8211; ILH\u00c9US ENFRENTA DESCONFIAN\u00c7A REGIONAL"},"content":{"rendered":"<p><a href=\"http:\/\/www.sudoestehoje.com.br\/novoportal\/wp-content\/uploads\/2017\/10\/Rui-assinatura-de-contrato-de-duplica\u00e7\u00e3o.jpg\"><img loading=\"lazy\" decoding=\"async\" class=\"aligncenter size-medium wp-image-68234\" src=\"http:\/\/www.sudoestehoje.com.br\/novoportal\/wp-content\/uploads\/2017\/10\/Rui-assinatura-de-contrato-de-duplica\u00e7\u00e3o-500x265.jpg\" alt=\"\" width=\"500\" height=\"265\" srcset=\"https:\/\/www.sudoestehoje.com.br\/novoportal\/wp-content\/uploads\/2017\/10\/Rui-assinatura-de-contrato-de-duplica\u00e7\u00e3o-500x265.jpg 500w, https:\/\/www.sudoestehoje.com.br\/novoportal\/wp-content\/uploads\/2017\/10\/Rui-assinatura-de-contrato-de-duplica\u00e7\u00e3o-768x407.jpg 768w, https:\/\/www.sudoestehoje.com.br\/novoportal\/wp-content\/uploads\/2017\/10\/Rui-assinatura-de-contrato-de-duplica\u00e7\u00e3o-700x371.jpg 700w, https:\/\/www.sudoestehoje.com.br\/novoportal\/wp-content\/uploads\/2017\/10\/Rui-assinatura-de-contrato-de-duplica\u00e7\u00e3o.jpg 1500w\" sizes=\"auto, (max-width: 500px) 100vw, 500px\" \/><\/a><\/p>\n<p>A desconfian\u00e7a dos sul-baianos quanto ao in\u00edcio e entrega das obras de duplica\u00e7\u00e3o do trecho Ilh\u00e9us-Itabuna da BR-415 ser\u00e1 algo a ser superado pelo governador Rui Costa. O pessimismo \u00e9 mais que natural. S\u00e3o 40 anos de promessas, algumas assinaturas de ordem de servi\u00e7o e formula\u00e7\u00e3o de projetos e nada saiu do papel.<\/p>\n<p>Hoje, antes da assinatura de contrato da obra, o gestor baiano foi questionado quanto \u00e0 garantia de que a obra ser\u00e1 conclu\u00edda.<\/p>\n<p>E assim respondeu: \u2013 [Vai sair, porque] Dessa vez, o governador \u00e9 Rui Costa. E eu t\u00f4 entregando hospital [da Costa do Cacau] em novembro, a ponte [em Ilh\u00e9us], j\u00e1 podem tirar foto da barragem [do Rio Col\u00f4nia, em Itap\u00e9]. Ent\u00e3o, esse pessimismo que existia na regi\u00e3o, depois de Rui Costa, ficou para tr\u00e1s. N\u00e3o \u00e9 mais projeto, n\u00e3o \u00e9 mais\u00a0<em>power point<\/em>.<\/p>\n<p>Para fazer a duplica\u00e7\u00e3o sair do papel, o governo recorreu ao Regime Diferenciado de Contrata\u00e7\u00e3o (RDC), do qual a OAS saiu vencedora. A\u00a0obra ser\u00e1 tocada pelo governo baiano e os recursos dever\u00e3o ser liberados pelo Dnit, \u00f3rg\u00e3o federal. Hoje, h\u00e1 em caixa R$ 8 milh\u00f5es, conforme o governador, que elogiou o ministro dos Transportes, que \u00e9 do PR.<\/p>\n<p><strong>IN\u00cdCIO EM FEVEREIRO<br \/>\n<\/strong><br \/>\nA obra dever\u00e1 ser conclu\u00edda em 24 meses. De acordo com cronograma ao qual o PIMENTA teve acesso, a duplica\u00e7\u00e3o come\u00e7ar\u00e1 em 20 de fevereiro do pr\u00f3ximo ano, ap\u00f3s a\u00e7\u00f5es de desapropria\u00e7\u00e3o e elabora\u00e7\u00e3o do projeto executivo por parte da OAS. Mas o governo baiano e a construtora poder\u00e3o antecipar prazos.<\/p>\n<p>\u201cEspero que em 60 ou 90 dias, no m\u00e1ximo, seja entregue o projeto executivo. N\u00f3s vamos construir essa obra com a for\u00e7a do trabalho e a for\u00e7a de Deus\u201d, disse. Rui ainda citou que a aus\u00eancia do ministro dos Transportes foi por causa de atitudes n\u00e3o republicanas de advers\u00e1rios do governo baiano. Segundo ele, o ministro dos Transportes, Maur\u00edcio Quintela, \u201cfoi correto, r\u00e1pido na tomada de posi\u00e7\u00f5es\u201d.<\/p>\n<p>Por enquanto, impera a desconfian\u00e7a. E o\u00a0<em>\u201cla garantia soy yo\u201d<\/em>\u00a0do governador. \/\/<em>Blog Pimenta<\/em><\/p>\n","protected":false},"excerpt":{"rendered":"<p>A desconfian\u00e7a dos sul-baianos quanto ao in\u00edcio e entrega das obras de duplica\u00e7\u00e3o do trecho Ilh\u00e9us-Itabuna da BR-415 ser\u00e1 algo a ser superado pelo governador Rui Costa. O pessimismo \u00e9 mais que natural. S\u00e3o 40 anos de promessas, algumas assinaturas de ordem de servi\u00e7o e formula\u00e7\u00e3o de projetos e nada saiu do papel. Hoje, antes [&hellip;]<\/p>\n","protected":false},"author":2,"featured_media":68234,"comment_status":"open","ping_status":"open","sticky":false,"template":"","format":"standard","meta":{"footnotes":"","_links_to":"","_links_to_target":""},"categories":[1],"tags":[],"class_list":["post-68230","post","type-post","status-publish","format-standard","has-post-thumbnail","hentry","category-geral"],"views":1227,"_links":{"self":[{"href":"https:\/\/www.sudoestehoje.com.br\/novoportal\/wp-json\/wp\/v2\/posts\/68230","targetHints":{"allow":["GET"]}}],"collection":[{"href":"https:\/\/www.sudoestehoje.com.br\/novoportal\/wp-json\/wp\/v2\/posts"}],"about":[{"href":"https:\/\/www.sudoestehoje.com.br\/novoportal\/wp-json\/wp\/v2\/types\/post"}],"author":[{"embeddable":true,"href":"https:\/\/www.sudoestehoje.com.br\/novoportal\/wp-json\/wp\/v2\/users\/2"}],"replies":[{"embeddable":true,"href":"https:\/\/www.sudoestehoje.com.br\/novoportal\/wp-json\/wp\/v2\/comments?post=68230"}],"version-history":[{"count":4,"href":"https:\/\/www.sudoestehoje.com.br\/novoportal\/wp-json\/wp\/v2\/posts\/68230\/revisions"}],"predecessor-version":[{"id":68235,"href":"https:\/\/www.sudoestehoje.com.br\/novoportal\/wp-json\/wp\/v2\/posts\/68230\/revisions\/68235"}],"wp:featuredmedia":[{"embeddable":true,"href":"https:\/\/www.sudoestehoje.com.br\/novoportal\/wp-json\/wp\/v2\/media\/68234"}],"wp:attachment":[{"href":"https:\/\/www.sudoestehoje.com.br\/novoportal\/wp-json\/wp\/v2\/media?parent=68230"}],"wp:term":[{"taxonomy":"category","embeddable":true,"href":"https:\/\/www.sudoestehoje.com.br\/novoportal\/wp-json\/wp\/v2\/categories?post=68230"},{"taxonomy":"post_tag","embeddable":true,"href":"https:\/\/www.sudoestehoje.com.br\/novoportal\/wp-json\/wp\/v2\/tags?post=68230"}],"curies":[{"name":"wp","href":"https:\/\/api.w.org\/{rel}","templated":true}]}}