
{"id":68218,"date":"2017-10-09T10:01:23","date_gmt":"2017-10-09T13:01:23","guid":{"rendered":"http:\/\/www.sudoestehoje.com.br\/novoportal\/?p=68218"},"modified":"2017-10-09T10:01:23","modified_gmt":"2017-10-09T13:01:23","slug":"reformas-candidatura-avulsa-abre-caminho-a-picaretagem-na-eleicao-2018","status":"publish","type":"post","link":"https:\/\/www.sudoestehoje.com.br\/novoportal\/2017\/10\/09\/reformas-candidatura-avulsa-abre-caminho-a-picaretagem-na-eleicao-2018\/","title":{"rendered":"REFORMAS: CANDIDATURA AVULSA ABRE CAMINHO \u00c0 PICARETAGEM NA ELEI\u00c7\u00c3O 2018"},"content":{"rendered":"<p><a href=\"http:\/\/www.sudoestehoje.com.br\/novoportal\/wp-content\/uploads\/2017\/10\/candidatura-avulsa.png\"><img loading=\"lazy\" decoding=\"async\" class=\"aligncenter size-medium wp-image-68219\" src=\"http:\/\/www.sudoestehoje.com.br\/novoportal\/wp-content\/uploads\/2017\/10\/candidatura-avulsa-500x323.png\" alt=\"\" width=\"500\" height=\"323\" srcset=\"https:\/\/www.sudoestehoje.com.br\/novoportal\/wp-content\/uploads\/2017\/10\/candidatura-avulsa-500x323.png 500w, https:\/\/www.sudoestehoje.com.br\/novoportal\/wp-content\/uploads\/2017\/10\/candidatura-avulsa-768x496.png 768w, https:\/\/www.sudoestehoje.com.br\/novoportal\/wp-content\/uploads\/2017\/10\/candidatura-avulsa-700x452.png 700w, https:\/\/www.sudoestehoje.com.br\/novoportal\/wp-content\/uploads\/2017\/10\/candidatura-avulsa.png 1824w\" sizes=\"auto, (max-width: 500px) 100vw, 500px\" \/><\/a><\/p>\n<p>A confirma\u00e7\u00e3o da tend\u00eancia de os ministros do Supremo Tribunal Federal autorizarem candidaturas avulsas, sem exig\u00eancia de filia\u00e7\u00e3o partid\u00e1ria, dever\u00e1 provocar muita confus\u00e3o no processo eleitoral de 2018. A come\u00e7ar pela divis\u00e3o do bolo bilion\u00e1rio do \u201cfund\u00e3o eleitoral\u201d. Afinal, candidatos avulsos tamb\u00e9m s\u00e3o filhos de deus, ou seja, do STF, e ter\u00e3o direito a financiamento p\u00fablico para suas campanhas. A informa\u00e7\u00e3o \u00e9 da Coluna Cl\u00e1udio Humberto, do\u00a0<strong>Di\u00e1rio do Poder<\/strong>.<\/p>\n<p>Entre candidatos avulsos haver\u00e1 gente s\u00e9ria, mas tamb\u00e9m aqueles interessados apenas no \u201cfund\u00e3o eleitoral\u201d (R$1,7 bilh\u00e3o, por enquanto).\u00a0A candidatura avulsa teria acesso ao rateio do \u201cfund\u00e3o\u201d: pela lei, 50% ser\u00e3o destinados \u00e0s campanhas de presidente, governador e senador.<\/p>\n<p>Na pior das hip\u00f3teses, um candidato avulso a presidente, por exemplo, participaria do rateio de R$34 milh\u00f5es (2% do fund\u00e3o) previstos na lei.<\/p>\n<p>Por defini\u00e7\u00e3o, candidato avulso n\u00e3o tem filia\u00e7\u00e3o, e o tempo de TV hoje \u00e9 definido por crit\u00e9rios como n\u00famero de deputados federais do partido.<\/p>\n","protected":false},"excerpt":{"rendered":"<p>A confirma\u00e7\u00e3o da tend\u00eancia de os ministros do Supremo Tribunal Federal autorizarem candidaturas avulsas, sem exig\u00eancia de filia\u00e7\u00e3o partid\u00e1ria, dever\u00e1 provocar muita confus\u00e3o no processo eleitoral de 2018. A come\u00e7ar pela divis\u00e3o do bolo bilion\u00e1rio do \u201cfund\u00e3o eleitoral\u201d. Afinal, candidatos avulsos tamb\u00e9m s\u00e3o filhos de deus, ou seja, do STF, e ter\u00e3o direito a financiamento [&hellip;]<\/p>\n","protected":false},"author":2,"featured_media":68219,"comment_status":"open","ping_status":"open","sticky":false,"template":"","format":"standard","meta":{"footnotes":"","_links_to":"","_links_to_target":""},"categories":[1],"tags":[],"class_list":["post-68218","post","type-post","status-publish","format-standard","has-post-thumbnail","hentry","category-geral"],"views":1085,"_links":{"self":[{"href":"https:\/\/www.sudoestehoje.com.br\/novoportal\/wp-json\/wp\/v2\/posts\/68218","targetHints":{"allow":["GET"]}}],"collection":[{"href":"https:\/\/www.sudoestehoje.com.br\/novoportal\/wp-json\/wp\/v2\/posts"}],"about":[{"href":"https:\/\/www.sudoestehoje.com.br\/novoportal\/wp-json\/wp\/v2\/types\/post"}],"author":[{"embeddable":true,"href":"https:\/\/www.sudoestehoje.com.br\/novoportal\/wp-json\/wp\/v2\/users\/2"}],"replies":[{"embeddable":true,"href":"https:\/\/www.sudoestehoje.com.br\/novoportal\/wp-json\/wp\/v2\/comments?post=68218"}],"version-history":[{"count":2,"href":"https:\/\/www.sudoestehoje.com.br\/novoportal\/wp-json\/wp\/v2\/posts\/68218\/revisions"}],"predecessor-version":[{"id":68221,"href":"https:\/\/www.sudoestehoje.com.br\/novoportal\/wp-json\/wp\/v2\/posts\/68218\/revisions\/68221"}],"wp:featuredmedia":[{"embeddable":true,"href":"https:\/\/www.sudoestehoje.com.br\/novoportal\/wp-json\/wp\/v2\/media\/68219"}],"wp:attachment":[{"href":"https:\/\/www.sudoestehoje.com.br\/novoportal\/wp-json\/wp\/v2\/media?parent=68218"}],"wp:term":[{"taxonomy":"category","embeddable":true,"href":"https:\/\/www.sudoestehoje.com.br\/novoportal\/wp-json\/wp\/v2\/categories?post=68218"},{"taxonomy":"post_tag","embeddable":true,"href":"https:\/\/www.sudoestehoje.com.br\/novoportal\/wp-json\/wp\/v2\/tags?post=68218"}],"curies":[{"name":"wp","href":"https:\/\/api.w.org\/{rel}","templated":true}]}}