
{"id":68174,"date":"2017-10-05T23:14:21","date_gmt":"2017-10-06T02:14:21","guid":{"rendered":"http:\/\/www.sudoestehoje.com.br\/novoportal\/?p=68174"},"modified":"2017-10-06T19:29:37","modified_gmt":"2017-10-06T22:29:37","slug":"seguranca-ateia-fogo-em-criancas-e-nele-mesmo-em-cheche-de-janauba","status":"publish","type":"post","link":"https:\/\/www.sudoestehoje.com.br\/novoportal\/2017\/10\/05\/seguranca-ateia-fogo-em-criancas-e-nele-mesmo-em-cheche-de-janauba\/","title":{"rendered":"SEGURAN\u00c7A ATEIA FOGO EM CRIAN\u00c7AS E NELE MESMO EM CHECHE DE JANA\u00daBA"},"content":{"rendered":"<div class=\"mc-column content-text active-extra-styles active-capital-letter\" data-block-type=\"unstyled\" data-block-weight=\"72\">\n<p class=\"content-text__container theme-color-primary-first-letter\" data-track-category=\"Link no Texto\" data-track-links=\"\"><a href=\"http:\/\/www.sudoestehoje.com.br\/novoportal\/wp-content\/uploads\/2017\/10\/CRECHE.jpg\"><img loading=\"lazy\" decoding=\"async\" class=\"aligncenter size-medium wp-image-68175\" src=\"http:\/\/www.sudoestehoje.com.br\/novoportal\/wp-content\/uploads\/2017\/10\/CRECHE-500x281.jpg\" alt=\"\" width=\"500\" height=\"281\" srcset=\"https:\/\/www.sudoestehoje.com.br\/novoportal\/wp-content\/uploads\/2017\/10\/CRECHE-500x281.jpg 500w, https:\/\/www.sudoestehoje.com.br\/novoportal\/wp-content\/uploads\/2017\/10\/CRECHE-768x432.jpg 768w, https:\/\/www.sudoestehoje.com.br\/novoportal\/wp-content\/uploads\/2017\/10\/CRECHE-700x394.jpg 700w, https:\/\/www.sudoestehoje.com.br\/novoportal\/wp-content\/uploads\/2017\/10\/CRECHE.jpg 1280w\" sizes=\"auto, (max-width: 500px) 100vw, 500px\" \/><\/a><\/p>\n<p class=\"content-text__container theme-color-primary-first-letter\" data-track-category=\"Link no Texto\" data-track-links=\"\">Sete crian\u00e7as e uma professora morreram ap\u00f3s um seguran\u00e7a colocar fogo em uma creche em\u00a0<a href=\"http:\/\/g1.globo.com\/mg\/grande-minas\/cidade\/janauba.html\">Jana\u00faba<\/a>, no Norte de Minas Gerais, na manh\u00e3 desta quinta-feira (5).<\/p>\n<p class=\"content-text__container theme-color-primary-first-letter\" data-track-category=\"Link no Texto\" data-track-links=\"\">Segundo informa\u00e7\u00f5es da Pol\u00edcia Militar e do Corpo de Bombeiros, o vigia do Centro Municipal de Educa\u00e7\u00e3o Infantil Gente Inocente, no Bairro Rio Novo, jogou \u00e1lcool em crian\u00e7as e nele mesmo e, em seguida, ateou fogo. No hor\u00e1rio havia 75 crian\u00e7as e 17 funcion\u00e1rios na escola.<\/p>\n<\/div>\n<div class=\"mc-column content-text active-extra-styles \" data-block-type=\"unstyled\" data-block-weight=\"19\">\n<p class=\"content-text__container \" data-track-category=\"Link no Texto\" data-track-links=\"\">O agressor, identificado como Dami\u00e3o Soares dos Santos, de 50 anos, chegou a ser internado, mas\u00a0<a href=\"https:\/\/g1.globo.com\/mg\/grande-minas\/noticia\/morre-seguranca-que-ateou-fogo-em-criancas-de-creche-no-norte-de-minas.ghtml\">morreu horas depois<\/a>.<\/p>\n<\/div>\n","protected":false},"excerpt":{"rendered":"<p>Sete crian\u00e7as e uma professora morreram ap\u00f3s um seguran\u00e7a colocar fogo em uma creche em\u00a0Jana\u00faba, no Norte de Minas Gerais, na manh\u00e3 desta quinta-feira (5). Segundo informa\u00e7\u00f5es da Pol\u00edcia Militar e do Corpo de Bombeiros, o vigia do Centro Municipal de Educa\u00e7\u00e3o Infantil Gente Inocente, no Bairro Rio Novo, jogou \u00e1lcool em crian\u00e7as e nele [&hellip;]<\/p>\n","protected":false},"author":2,"featured_media":0,"comment_status":"open","ping_status":"open","sticky":false,"template":"","format":"standard","meta":{"footnotes":"","_links_to":"","_links_to_target":""},"categories":[1],"tags":[],"class_list":["post-68174","post","type-post","status-publish","format-standard","hentry","category-geral"],"views":1390,"_links":{"self":[{"href":"https:\/\/www.sudoestehoje.com.br\/novoportal\/wp-json\/wp\/v2\/posts\/68174","targetHints":{"allow":["GET"]}}],"collection":[{"href":"https:\/\/www.sudoestehoje.com.br\/novoportal\/wp-json\/wp\/v2\/posts"}],"about":[{"href":"https:\/\/www.sudoestehoje.com.br\/novoportal\/wp-json\/wp\/v2\/types\/post"}],"author":[{"embeddable":true,"href":"https:\/\/www.sudoestehoje.com.br\/novoportal\/wp-json\/wp\/v2\/users\/2"}],"replies":[{"embeddable":true,"href":"https:\/\/www.sudoestehoje.com.br\/novoportal\/wp-json\/wp\/v2\/comments?post=68174"}],"version-history":[{"count":4,"href":"https:\/\/www.sudoestehoje.com.br\/novoportal\/wp-json\/wp\/v2\/posts\/68174\/revisions"}],"predecessor-version":[{"id":68179,"href":"https:\/\/www.sudoestehoje.com.br\/novoportal\/wp-json\/wp\/v2\/posts\/68174\/revisions\/68179"}],"wp:attachment":[{"href":"https:\/\/www.sudoestehoje.com.br\/novoportal\/wp-json\/wp\/v2\/media?parent=68174"}],"wp:term":[{"taxonomy":"category","embeddable":true,"href":"https:\/\/www.sudoestehoje.com.br\/novoportal\/wp-json\/wp\/v2\/categories?post=68174"},{"taxonomy":"post_tag","embeddable":true,"href":"https:\/\/www.sudoestehoje.com.br\/novoportal\/wp-json\/wp\/v2\/tags?post=68174"}],"curies":[{"name":"wp","href":"https:\/\/api.w.org\/{rel}","templated":true}]}}