
{"id":68167,"date":"2017-10-06T10:25:20","date_gmt":"2017-10-06T13:25:20","guid":{"rendered":"http:\/\/www.sudoestehoje.com.br\/novoportal\/?p=68167"},"modified":"2017-10-06T10:26:32","modified_gmt":"2017-10-06T13:26:32","slug":"elevador-despenca-em-belem-do-para-e-fere-prefeito-e-deputado-estadual","status":"publish","type":"post","link":"https:\/\/www.sudoestehoje.com.br\/novoportal\/2017\/10\/06\/elevador-despenca-em-belem-do-para-e-fere-prefeito-e-deputado-estadual\/","title":{"rendered":"ELEVADOR DESPENCA EM BEL\u00c9M DO PAR\u00c1 E FERE PREFEITO E DEPUTADO ESTADUAL"},"content":{"rendered":"<p><a href=\"http:\/\/www.sudoestehoje.com.br\/novoportal\/wp-content\/uploads\/2017\/10\/elevador.jpg\"><img loading=\"lazy\" decoding=\"async\" class=\"aligncenter size-medium wp-image-68168\" src=\"http:\/\/www.sudoestehoje.com.br\/novoportal\/wp-content\/uploads\/2017\/10\/elevador-500x281.jpg\" alt=\"\" width=\"500\" height=\"281\" srcset=\"https:\/\/www.sudoestehoje.com.br\/novoportal\/wp-content\/uploads\/2017\/10\/elevador-500x281.jpg 500w, https:\/\/www.sudoestehoje.com.br\/novoportal\/wp-content\/uploads\/2017\/10\/elevador.jpg 620w\" sizes=\"auto, (max-width: 500px) 100vw, 500px\" \/><\/a><\/p>\n<p>Um elevador do pr\u00e9dio da Superintend\u00eancia Desenvolvimento Amaz\u00f4nia (Sudam) caiu na tarde desta quinta-feira (5), com 12 pessoas dentro, deixando v\u00e1rios feridos. Entre as v\u00edtimas estavam o prefeito de S\u00e3o Miguel do Guam\u00e1, Ant\u00f4nio Leoc\u00e1dio dos Santos (PSDB), e o deputado estadual Oz\u00f3rio Juvenil (PMDB).<\/p>\n<p>Os dois est\u00e3o hospitalizados e, segundo a assessoria de imprensa da Sudam, o estado de sa\u00fade do prefeito \u00e9 grave. O acidente aconteceu por volta das 16h30 e foi durante uma assinatura de conv\u00eanios de emendas parlamentares.<\/p>\n<p>Em nota, a Sudam informou que a capacidade m\u00e1xima do elevador era de sete pessoas e no momento do acidente havia 12 passageiros.<\/p>\n<p>A Sudam disse ainda que os acidentados foram levados para tr\u00eas hospitais e est\u00e3o sendo acompanhados. O \u00f3rg\u00e3o afirma que est\u00e1 prestando assist\u00eancia e montou uma comiss\u00e3o de servidores para acompanhar o andamento da recupera\u00e7\u00e3o dos feridos.<\/p>\n","protected":false},"excerpt":{"rendered":"<p>Um elevador do pr\u00e9dio da Superintend\u00eancia Desenvolvimento Amaz\u00f4nia (Sudam) caiu na tarde desta quinta-feira (5), com 12 pessoas dentro, deixando v\u00e1rios feridos. Entre as v\u00edtimas estavam o prefeito de S\u00e3o Miguel do Guam\u00e1, Ant\u00f4nio Leoc\u00e1dio dos Santos (PSDB), e o deputado estadual Oz\u00f3rio Juvenil (PMDB). Os dois est\u00e3o hospitalizados e, segundo a assessoria de imprensa [&hellip;]<\/p>\n","protected":false},"author":2,"featured_media":68168,"comment_status":"open","ping_status":"open","sticky":false,"template":"","format":"standard","meta":{"footnotes":"","_links_to":"","_links_to_target":""},"categories":[1],"tags":[],"class_list":["post-68167","post","type-post","status-publish","format-standard","has-post-thumbnail","hentry","category-geral"],"views":1128,"_links":{"self":[{"href":"https:\/\/www.sudoestehoje.com.br\/novoportal\/wp-json\/wp\/v2\/posts\/68167","targetHints":{"allow":["GET"]}}],"collection":[{"href":"https:\/\/www.sudoestehoje.com.br\/novoportal\/wp-json\/wp\/v2\/posts"}],"about":[{"href":"https:\/\/www.sudoestehoje.com.br\/novoportal\/wp-json\/wp\/v2\/types\/post"}],"author":[{"embeddable":true,"href":"https:\/\/www.sudoestehoje.com.br\/novoportal\/wp-json\/wp\/v2\/users\/2"}],"replies":[{"embeddable":true,"href":"https:\/\/www.sudoestehoje.com.br\/novoportal\/wp-json\/wp\/v2\/comments?post=68167"}],"version-history":[{"count":4,"href":"https:\/\/www.sudoestehoje.com.br\/novoportal\/wp-json\/wp\/v2\/posts\/68167\/revisions"}],"predecessor-version":[{"id":68172,"href":"https:\/\/www.sudoestehoje.com.br\/novoportal\/wp-json\/wp\/v2\/posts\/68167\/revisions\/68172"}],"wp:featuredmedia":[{"embeddable":true,"href":"https:\/\/www.sudoestehoje.com.br\/novoportal\/wp-json\/wp\/v2\/media\/68168"}],"wp:attachment":[{"href":"https:\/\/www.sudoestehoje.com.br\/novoportal\/wp-json\/wp\/v2\/media?parent=68167"}],"wp:term":[{"taxonomy":"category","embeddable":true,"href":"https:\/\/www.sudoestehoje.com.br\/novoportal\/wp-json\/wp\/v2\/categories?post=68167"},{"taxonomy":"post_tag","embeddable":true,"href":"https:\/\/www.sudoestehoje.com.br\/novoportal\/wp-json\/wp\/v2\/tags?post=68167"}],"curies":[{"name":"wp","href":"https:\/\/api.w.org\/{rel}","templated":true}]}}