
{"id":68162,"date":"2017-10-06T10:03:27","date_gmt":"2017-10-06T13:03:27","guid":{"rendered":"http:\/\/www.sudoestehoje.com.br\/novoportal\/?p=68162"},"modified":"2017-10-06T10:05:00","modified_gmt":"2017-10-06T13:05:00","slug":"nova-lei-autoriza-registro-civil-de-recem-nascidos-nas-cidades-onde-as-maes-moram","status":"publish","type":"post","link":"https:\/\/www.sudoestehoje.com.br\/novoportal\/2017\/10\/06\/nova-lei-autoriza-registro-civil-de-recem-nascidos-nas-cidades-onde-as-maes-moram\/","title":{"rendered":"NOVA LEI AUTORIZA REGISTRO CIVIL DE REC\u00c9M NASCIDOS NAS CIDADES ONDE AS M\u00c3ES MORAM"},"content":{"rendered":"<p><a href=\"http:\/\/www.sudoestehoje.com.br\/novoportal\/wp-content\/uploads\/2017\/10\/REGISTRO-DE-NASCIMENTO.jpg\"><img loading=\"lazy\" decoding=\"async\" class=\"aligncenter size-medium wp-image-68164\" src=\"http:\/\/www.sudoestehoje.com.br\/novoportal\/wp-content\/uploads\/2017\/10\/REGISTRO-DE-NASCIMENTO-500x300.jpg\" alt=\"\" width=\"500\" height=\"300\" srcset=\"https:\/\/www.sudoestehoje.com.br\/novoportal\/wp-content\/uploads\/2017\/10\/REGISTRO-DE-NASCIMENTO-500x300.jpg 500w, https:\/\/www.sudoestehoje.com.br\/novoportal\/wp-content\/uploads\/2017\/10\/REGISTRO-DE-NASCIMENTO.jpg 678w\" sizes=\"auto, (max-width: 500px) 100vw, 500px\" \/><\/a><\/p>\n<p>Foi sancionada na \u00faltima quarta-feira (27) pelo presidente Michel Temer, uma lei que permite que rec\u00e9m-nascidos sejam registrados com naturalidade da cidade onde a m\u00e3e mora e n\u00e3o necessariamente no local onde eles nasceram.<\/p>\n<p>Com a medida, nas certid\u00f5es de nascimento constar\u00e3o a data do registro, a data do nascimento e a naturalidade, e caber\u00e1 ao declarante no registro do cart\u00f3rio indicar a cidade de nascimento ou de resid\u00eancia da m\u00e3e como naturalidade do beb\u00ea.<\/p>\n<p>Quando se trata da Bahia, na pr\u00e1tica, a a\u00e7\u00e3o beneficiar\u00e1 munic\u00edpios pequenos e m\u00e9dios que n\u00e3o possuem maternidade.<\/p>\n","protected":false},"excerpt":{"rendered":"<p>Foi sancionada na \u00faltima quarta-feira (27) pelo presidente Michel Temer, uma lei que permite que rec\u00e9m-nascidos sejam registrados com naturalidade da cidade onde a m\u00e3e mora e n\u00e3o necessariamente no local onde eles nasceram. Com a medida, nas certid\u00f5es de nascimento constar\u00e3o a data do registro, a data do nascimento e a naturalidade, e caber\u00e1 [&hellip;]<\/p>\n","protected":false},"author":2,"featured_media":68164,"comment_status":"open","ping_status":"open","sticky":false,"template":"","format":"standard","meta":{"footnotes":"","_links_to":"","_links_to_target":""},"categories":[1],"tags":[],"class_list":["post-68162","post","type-post","status-publish","format-standard","has-post-thumbnail","hentry","category-geral"],"views":1359,"_links":{"self":[{"href":"https:\/\/www.sudoestehoje.com.br\/novoportal\/wp-json\/wp\/v2\/posts\/68162","targetHints":{"allow":["GET"]}}],"collection":[{"href":"https:\/\/www.sudoestehoje.com.br\/novoportal\/wp-json\/wp\/v2\/posts"}],"about":[{"href":"https:\/\/www.sudoestehoje.com.br\/novoportal\/wp-json\/wp\/v2\/types\/post"}],"author":[{"embeddable":true,"href":"https:\/\/www.sudoestehoje.com.br\/novoportal\/wp-json\/wp\/v2\/users\/2"}],"replies":[{"embeddable":true,"href":"https:\/\/www.sudoestehoje.com.br\/novoportal\/wp-json\/wp\/v2\/comments?post=68162"}],"version-history":[{"count":3,"href":"https:\/\/www.sudoestehoje.com.br\/novoportal\/wp-json\/wp\/v2\/posts\/68162\/revisions"}],"predecessor-version":[{"id":68166,"href":"https:\/\/www.sudoestehoje.com.br\/novoportal\/wp-json\/wp\/v2\/posts\/68162\/revisions\/68166"}],"wp:featuredmedia":[{"embeddable":true,"href":"https:\/\/www.sudoestehoje.com.br\/novoportal\/wp-json\/wp\/v2\/media\/68164"}],"wp:attachment":[{"href":"https:\/\/www.sudoestehoje.com.br\/novoportal\/wp-json\/wp\/v2\/media?parent=68162"}],"wp:term":[{"taxonomy":"category","embeddable":true,"href":"https:\/\/www.sudoestehoje.com.br\/novoportal\/wp-json\/wp\/v2\/categories?post=68162"},{"taxonomy":"post_tag","embeddable":true,"href":"https:\/\/www.sudoestehoje.com.br\/novoportal\/wp-json\/wp\/v2\/tags?post=68162"}],"curies":[{"name":"wp","href":"https:\/\/api.w.org\/{rel}","templated":true}]}}