
{"id":68156,"date":"2017-10-05T23:06:03","date_gmt":"2017-10-06T02:06:03","guid":{"rendered":"http:\/\/www.sudoestehoje.com.br\/novoportal\/?p=68156"},"modified":"2017-10-06T09:33:03","modified_gmt":"2017-10-06T12:33:03","slug":"aliados-de-temer-tiram-palanque-de-rui-sobre-duplicacao-da-itabuna-ilheus","status":"publish","type":"post","link":"https:\/\/www.sudoestehoje.com.br\/novoportal\/2017\/10\/05\/aliados-de-temer-tiram-palanque-de-rui-sobre-duplicacao-da-itabuna-ilheus\/","title":{"rendered":"ALIADOS DE TEMER TIRAM PALANQUE DE RUI SOBRE DUPLICA\u00c7\u00c3O DA ITABUNA &#8211; ILH\u00c9US"},"content":{"rendered":"<p><strong>Ato de assinatura de ordem de servi\u00e7o para duplica\u00e7\u00e3o de Ilh\u00e9us Itabuna acontecer\u00e1 em Bras\u00edlia sob comando do Ministro dos Transportes.<\/strong><\/p>\n<p><a href=\"http:\/\/www.sudoestehoje.com.br\/novoportal\/wp-content\/uploads\/2017\/10\/BR-415.jpg\"><img loading=\"lazy\" decoding=\"async\" class=\"size-medium wp-image-68159\" src=\"http:\/\/www.sudoestehoje.com.br\/novoportal\/wp-content\/uploads\/2017\/10\/BR-415-500x375.jpg\" alt=\"\" width=\"500\" height=\"375\" srcset=\"https:\/\/www.sudoestehoje.com.br\/novoportal\/wp-content\/uploads\/2017\/10\/BR-415-500x375.jpg 500w, https:\/\/www.sudoestehoje.com.br\/novoportal\/wp-content\/uploads\/2017\/10\/BR-415.jpg 600w\" sizes=\"auto, (max-width: 500px) 100vw, 500px\" \/><\/a><\/p>\n<p>Pode ter subido no telhado a ideia do governador Rui Costa (PT) de assinar na pr\u00f3xima segunda-feira, em Ilh\u00e9us, junto com um representante do governo federal, a ordem de servi\u00e7o para a duplica\u00e7\u00e3o da rodovia que liga a cidade a Itabuna.<\/p>\n<p>Deputados baianos aliados do presidente Michel Temer (PMDB) o convenceram de que, para evitar que Rui capitalize sozinho a a\u00e7\u00e3o, o ideal seria fazer com que o ministro dos Transportes, Maur\u00edcio Quintela, assine a ordem, em Bras\u00edlia, na mesma hora em que o ato deveria ocorrer na estrada baiana.<\/p>\n<p>Se Rui quiser participar do evento, ao lado do presidente Michel Temer, a porta estar\u00e1 aberta, diz ao Pol\u00edtica Livre um dos parlamentares que participaram da opera\u00e7\u00e3o para levar o ato para Bras\u00edlia. A estrada ser\u00e1 constru\u00edda pelo governo baiano com recursos federais porque h\u00e1 trechos em que a BA se torna BR.<\/p>\n","protected":false},"excerpt":{"rendered":"<p>Ato de assinatura de ordem de servi\u00e7o para duplica\u00e7\u00e3o de Ilh\u00e9us Itabuna acontecer\u00e1 em Bras\u00edlia sob comando do Ministro dos Transportes. Pode ter subido no telhado a ideia do governador Rui Costa (PT) de assinar na pr\u00f3xima segunda-feira, em Ilh\u00e9us, junto com um representante do governo federal, a ordem de servi\u00e7o para a duplica\u00e7\u00e3o da [&hellip;]<\/p>\n","protected":false},"author":2,"featured_media":68159,"comment_status":"open","ping_status":"open","sticky":false,"template":"","format":"standard","meta":{"footnotes":"","_links_to":"","_links_to_target":""},"categories":[1],"tags":[],"class_list":["post-68156","post","type-post","status-publish","format-standard","has-post-thumbnail","hentry","category-geral"],"views":1497,"_links":{"self":[{"href":"https:\/\/www.sudoestehoje.com.br\/novoportal\/wp-json\/wp\/v2\/posts\/68156","targetHints":{"allow":["GET"]}}],"collection":[{"href":"https:\/\/www.sudoestehoje.com.br\/novoportal\/wp-json\/wp\/v2\/posts"}],"about":[{"href":"https:\/\/www.sudoestehoje.com.br\/novoportal\/wp-json\/wp\/v2\/types\/post"}],"author":[{"embeddable":true,"href":"https:\/\/www.sudoestehoje.com.br\/novoportal\/wp-json\/wp\/v2\/users\/2"}],"replies":[{"embeddable":true,"href":"https:\/\/www.sudoestehoje.com.br\/novoportal\/wp-json\/wp\/v2\/comments?post=68156"}],"version-history":[{"count":4,"href":"https:\/\/www.sudoestehoje.com.br\/novoportal\/wp-json\/wp\/v2\/posts\/68156\/revisions"}],"predecessor-version":[{"id":68161,"href":"https:\/\/www.sudoestehoje.com.br\/novoportal\/wp-json\/wp\/v2\/posts\/68156\/revisions\/68161"}],"wp:featuredmedia":[{"embeddable":true,"href":"https:\/\/www.sudoestehoje.com.br\/novoportal\/wp-json\/wp\/v2\/media\/68159"}],"wp:attachment":[{"href":"https:\/\/www.sudoestehoje.com.br\/novoportal\/wp-json\/wp\/v2\/media?parent=68156"}],"wp:term":[{"taxonomy":"category","embeddable":true,"href":"https:\/\/www.sudoestehoje.com.br\/novoportal\/wp-json\/wp\/v2\/categories?post=68156"},{"taxonomy":"post_tag","embeddable":true,"href":"https:\/\/www.sudoestehoje.com.br\/novoportal\/wp-json\/wp\/v2\/tags?post=68156"}],"curies":[{"name":"wp","href":"https:\/\/api.w.org\/{rel}","templated":true}]}}