
{"id":68121,"date":"2017-10-04T21:06:25","date_gmt":"2017-10-05T00:06:25","guid":{"rendered":"http:\/\/www.sudoestehoje.com.br\/novoportal\/?p=68121"},"modified":"2017-10-04T21:15:09","modified_gmt":"2017-10-05T00:15:09","slug":"video-mostra-retirada-de-invasores-de-fazendas-em-itapetinga","status":"publish","type":"post","link":"https:\/\/www.sudoestehoje.com.br\/novoportal\/2017\/10\/04\/video-mostra-retirada-de-invasores-de-fazendas-em-itapetinga\/","title":{"rendered":"V\u00cdDEO MOSTRA RETIRADA DE INVASORES DE FAZENDAS EM ITAPETINGA"},"content":{"rendered":"<p><a href=\"http:\/\/www.sudoestehoje.com.br\/novoportal\/wp-content\/uploads\/2017\/10\/invasores.jpg\"><img loading=\"lazy\" decoding=\"async\" class=\"aligncenter size-medium wp-image-68124\" src=\"http:\/\/www.sudoestehoje.com.br\/novoportal\/wp-content\/uploads\/2017\/10\/invasores-500x221.jpg\" alt=\"\" width=\"500\" height=\"221\" srcset=\"https:\/\/www.sudoestehoje.com.br\/novoportal\/wp-content\/uploads\/2017\/10\/invasores-500x221.jpg 500w, https:\/\/www.sudoestehoje.com.br\/novoportal\/wp-content\/uploads\/2017\/10\/invasores-768x339.jpg 768w, https:\/\/www.sudoestehoje.com.br\/novoportal\/wp-content\/uploads\/2017\/10\/invasores-700x309.jpg 700w, https:\/\/www.sudoestehoje.com.br\/novoportal\/wp-content\/uploads\/2017\/10\/invasores.jpg 804w\" sizes=\"auto, (max-width: 500px) 100vw, 500px\" \/><\/a><\/p>\n<p>Um v\u00eddeo postado nas redes sociais mostra o momento em que a PM retira invasores de terras na regi\u00e3o de Palmares, no munic\u00edpio de Itapetinga. Segundo o \u00e1udio no v\u00eddeo, integrantes de um acampamento montado na BA-263, ao lado da Azal\u00e9ia, participaram das invas\u00f5es. Confira o v\u00eddeo e ou\u00e7a a narrativa dos seus autores, a respeito do invasores:<\/p>\n<p>https:\/\/www.facebook.com\/davi.ferraz.9\/videos\/1548170711940991\/<\/p>\n","protected":false},"excerpt":{"rendered":"<p>Um v\u00eddeo postado nas redes sociais mostra o momento em que a PM retira invasores de terras na regi\u00e3o de Palmares, no munic\u00edpio de Itapetinga. Segundo o \u00e1udio no v\u00eddeo, integrantes de um acampamento montado na BA-263, ao lado da Azal\u00e9ia, participaram das invas\u00f5es. Confira o v\u00eddeo e ou\u00e7a a narrativa dos seus autores, a [&hellip;]<\/p>\n","protected":false},"author":2,"featured_media":68124,"comment_status":"open","ping_status":"open","sticky":false,"template":"","format":"standard","meta":{"footnotes":"","_links_to":"","_links_to_target":""},"categories":[1],"tags":[],"class_list":["post-68121","post","type-post","status-publish","format-standard","has-post-thumbnail","hentry","category-geral"],"views":1777,"_links":{"self":[{"href":"https:\/\/www.sudoestehoje.com.br\/novoportal\/wp-json\/wp\/v2\/posts\/68121","targetHints":{"allow":["GET"]}}],"collection":[{"href":"https:\/\/www.sudoestehoje.com.br\/novoportal\/wp-json\/wp\/v2\/posts"}],"about":[{"href":"https:\/\/www.sudoestehoje.com.br\/novoportal\/wp-json\/wp\/v2\/types\/post"}],"author":[{"embeddable":true,"href":"https:\/\/www.sudoestehoje.com.br\/novoportal\/wp-json\/wp\/v2\/users\/2"}],"replies":[{"embeddable":true,"href":"https:\/\/www.sudoestehoje.com.br\/novoportal\/wp-json\/wp\/v2\/comments?post=68121"}],"version-history":[{"count":3,"href":"https:\/\/www.sudoestehoje.com.br\/novoportal\/wp-json\/wp\/v2\/posts\/68121\/revisions"}],"predecessor-version":[{"id":68125,"href":"https:\/\/www.sudoestehoje.com.br\/novoportal\/wp-json\/wp\/v2\/posts\/68121\/revisions\/68125"}],"wp:featuredmedia":[{"embeddable":true,"href":"https:\/\/www.sudoestehoje.com.br\/novoportal\/wp-json\/wp\/v2\/media\/68124"}],"wp:attachment":[{"href":"https:\/\/www.sudoestehoje.com.br\/novoportal\/wp-json\/wp\/v2\/media?parent=68121"}],"wp:term":[{"taxonomy":"category","embeddable":true,"href":"https:\/\/www.sudoestehoje.com.br\/novoportal\/wp-json\/wp\/v2\/categories?post=68121"},{"taxonomy":"post_tag","embeddable":true,"href":"https:\/\/www.sudoestehoje.com.br\/novoportal\/wp-json\/wp\/v2\/tags?post=68121"}],"curies":[{"name":"wp","href":"https:\/\/api.w.org\/{rel}","templated":true}]}}