
{"id":68117,"date":"2017-10-04T19:30:58","date_gmt":"2017-10-04T22:30:58","guid":{"rendered":"http:\/\/www.sudoestehoje.com.br\/novoportal\/?p=68117"},"modified":"2017-10-05T09:27:19","modified_gmt":"2017-10-05T12:27:19","slug":"urgente-comissao-do-senado-aprova-fim-da-estabilidade-para-servidores-publicos","status":"publish","type":"post","link":"https:\/\/www.sudoestehoje.com.br\/novoportal\/2017\/10\/04\/urgente-comissao-do-senado-aprova-fim-da-estabilidade-para-servidores-publicos\/","title":{"rendered":"URGENTE! COMISS\u00c3O DO SENADO APROVA FIM DA ESTABILIDADE PARA SERVIDORES P\u00daBLICOS"},"content":{"rendered":"<p><a href=\"http:\/\/www.sudoestehoje.com.br\/novoportal\/wp-content\/uploads\/2017\/10\/DEMISS\u00c3O.jpg\"><img loading=\"lazy\" decoding=\"async\" class=\"aligncenter size-medium wp-image-68119\" src=\"http:\/\/www.sudoestehoje.com.br\/novoportal\/wp-content\/uploads\/2017\/10\/DEMISS\u00c3O-500x243.jpg\" alt=\"\" width=\"500\" height=\"243\" srcset=\"https:\/\/www.sudoestehoje.com.br\/novoportal\/wp-content\/uploads\/2017\/10\/DEMISS\u00c3O-500x243.jpg 500w, https:\/\/www.sudoestehoje.com.br\/novoportal\/wp-content\/uploads\/2017\/10\/DEMISS\u00c3O-768x373.jpg 768w, https:\/\/www.sudoestehoje.com.br\/novoportal\/wp-content\/uploads\/2017\/10\/DEMISS\u00c3O-700x340.jpg 700w, https:\/\/www.sudoestehoje.com.br\/novoportal\/wp-content\/uploads\/2017\/10\/DEMISS\u00c3O.jpg 974w\" sizes=\"auto, (max-width: 500px) 100vw, 500px\" \/><\/a><\/p>\n<p>A Comiss\u00e3o de Constitui\u00e7\u00e3o, Justi\u00e7a e Cidadania (CCJ) aprovou nesta quarta-feira (4) regras para a demiss\u00e3o de\u00a0<strong><a href=\"https:\/\/exame.abril.com.br\/noticias-sobre\/servidores\">servidor<\/a><\/strong>\u00a0p\u00fablico est\u00e1vel por \u201cinsufici\u00eancia de desempenho\u201d, aplic\u00e1veis a todos os Poderes, nos n\u00edveis federal, estadual e municipal.<\/p>\n<p>A regulamenta\u00e7\u00e3o tem por base o substitutivo apresentado pelo relator, senador Lasier Martins (PSD-RS), a projeto de lei (<a class=\"external-link\" href=\"http:\/\/www25.senado.leg.br\/web\/atividade\/materias\/-\/materia\/128876\">PLS 116\/2017 \u2013 Complementar<\/a>) da senadora Maria do Carmo Alves (DEM-SE). A mat\u00e9ria ainda passar\u00e1 por tr\u00eas comiss\u00f5es, a come\u00e7ar pela Comiss\u00e3o de Assuntos Sociais (CAS).<\/p>\n<p>Debate de quase duas horas antecedeu a vota\u00e7\u00e3o, encerrada com nove votos favor\u00e1veis \u00e0 proposta e quatro contr\u00e1rios.<\/p>\n<p>Pelo texto, o\u00a0<b class=\"wsl-anchor wsl-sponsored-link\" data-wsl-sponsored-source=\"adnetwork\" data-wsl-advertiser=\"vb\" data-wsl-format=\"2\" data-wsl-dfp-href=\"https:\/\/adclick.g.doubleclick.net\/pcs\/click?xai=AKAOjstehzkwBs-1HHWVf03gTGUtdjcyfmNuSPEZTxaQXwNb3Yi92zC7SPu_g6ZsYIk3ItAWKG7-ji_fRJ4_5Sz2SUM1jHOF90keKXNVjk2kjB6v2OAsTeu_00pX06laK7lMi_RWpA7p1jZcUzE8WShCUbySVYMkV9JEwhE5v38pRhbzTNaYAkFHQuUeU5Bb5EJSrO0zWKg_yY6t4fV-JdGwrVTobJxy0Jh6ok9DHw&amp;sig=Cg0ArKJSzO4XQ_lttITPEAE&amp;urlfix=1&amp;adurl=https%3A%2F%2Fblog.vb.com.br%2F5-indicadores-de-performance-essenciais-para-o-rh%2F\" data-wsl-dfp-ad-unit-name=\"adunit4P5640c9d5376a3826\" data-wsl-dfp-targeting=\"{&quot;anchorId&quot;:&quot;272890698000216&quot;}\" data-wsl-uid=\"272890698000216\" data-wsl-embed=\"{&quot;anchorText&quot;:&quot;desempenho funcional&quot;,&quot;target&quot;:&quot;https:\/\/blog.vb.com.br\/5-indicadores-de-performance-essenciais-para-o-rh\/&quot;,&quot;displayLink&quot;:&quot;blog.vb.com.br&quot;,&quot;kind&quot;:&quot;sponsored&quot;,&quot;title&quot;:&quot;Veja com a VB 5 indicadores de performance essenciais para o RH&quot;,&quot;description&quot;:&quot;O RH \u00e9 um departamento-chave para o sucesso de uma empresa, afinal, \u00e9 ele que potencializa os esfor\u00e7os e resultados humanos. Mas para tomar decis\u00f5es r\u00e1pidas e de forma estrat\u00e9gica, precisa de bons indicadores de performance. Para ficar mais claro, esses indicadores determinam como anda o desempenho de algumas atividades do RH, como a reten\u00e7\u00e3o dos funcion\u00e1rios ou a satisfa\u00e7\u00e3o interna.&quot;,&quot;thumbnailUrl&quot;:&quot;https:\/\/i.embed.ly\/1\/image?url=https%3A%2F%2Fblog.vb.com.br%2Fwp-content%2Fuploads%2F2017%2F06%2F93955-5-indicadores-de-performance-essenciais-para-o-rh.jpg&amp;key=29220f308d864ba19d9459ad8a9a7d06&quot;,&quot;call&quot;:&quot;Saiba mais:&quot;,&quot;language&quot;:&quot;pt-BR&quot;,&quot;sponsoredText&quot;:&quot;Patrocinado&quot;,&quot;hoverText&quot;:&quot;Link gerado por WorldSense&quot;}\">desempenho funcional<\/b>\u00a0dos servidores dever\u00e1 ser apurado anualmente por uma comiss\u00e3o avaliadora e levar em conta, entre outros fatores, a produtividade e a qualidade do servi\u00e7o. Deve ser garantido o direito ao contradit\u00f3rio e \u00e0 ampla defesa. CONFIRA MAT\u00c9RIA COMPLETA &gt;&gt;&gt;<\/p>\n<p><span style=\"color: #0000ff;\"><a style=\"color: #0000ff;\" href=\"https:\/\/exame.abril.com.br\/brasil\/ccj-aprova-demissao-de-servidor-por-insuficiencia-de-desempenho\/\">CCJ APROVA DEMISS\u00c3O SERVIDOR CONCURSADO<\/a><\/span><\/p>\n","protected":false},"excerpt":{"rendered":"<p>A Comiss\u00e3o de Constitui\u00e7\u00e3o, Justi\u00e7a e Cidadania (CCJ) aprovou nesta quarta-feira (4) regras para a demiss\u00e3o de\u00a0servidor\u00a0p\u00fablico est\u00e1vel por \u201cinsufici\u00eancia de desempenho\u201d, aplic\u00e1veis a todos os Poderes, nos n\u00edveis federal, estadual e municipal. A regulamenta\u00e7\u00e3o tem por base o substitutivo apresentado pelo relator, senador Lasier Martins (PSD-RS), a projeto de lei (PLS 116\/2017 \u2013 Complementar) [&hellip;]<\/p>\n","protected":false},"author":2,"featured_media":68119,"comment_status":"open","ping_status":"open","sticky":false,"template":"","format":"standard","meta":{"footnotes":"","_links_to":"","_links_to_target":""},"categories":[1],"tags":[],"class_list":["post-68117","post","type-post","status-publish","format-standard","has-post-thumbnail","hentry","category-geral"],"views":1933,"_links":{"self":[{"href":"https:\/\/www.sudoestehoje.com.br\/novoportal\/wp-json\/wp\/v2\/posts\/68117","targetHints":{"allow":["GET"]}}],"collection":[{"href":"https:\/\/www.sudoestehoje.com.br\/novoportal\/wp-json\/wp\/v2\/posts"}],"about":[{"href":"https:\/\/www.sudoestehoje.com.br\/novoportal\/wp-json\/wp\/v2\/types\/post"}],"author":[{"embeddable":true,"href":"https:\/\/www.sudoestehoje.com.br\/novoportal\/wp-json\/wp\/v2\/users\/2"}],"replies":[{"embeddable":true,"href":"https:\/\/www.sudoestehoje.com.br\/novoportal\/wp-json\/wp\/v2\/comments?post=68117"}],"version-history":[{"count":4,"href":"https:\/\/www.sudoestehoje.com.br\/novoportal\/wp-json\/wp\/v2\/posts\/68117\/revisions"}],"predecessor-version":[{"id":68127,"href":"https:\/\/www.sudoestehoje.com.br\/novoportal\/wp-json\/wp\/v2\/posts\/68117\/revisions\/68127"}],"wp:featuredmedia":[{"embeddable":true,"href":"https:\/\/www.sudoestehoje.com.br\/novoportal\/wp-json\/wp\/v2\/media\/68119"}],"wp:attachment":[{"href":"https:\/\/www.sudoestehoje.com.br\/novoportal\/wp-json\/wp\/v2\/media?parent=68117"}],"wp:term":[{"taxonomy":"category","embeddable":true,"href":"https:\/\/www.sudoestehoje.com.br\/novoportal\/wp-json\/wp\/v2\/categories?post=68117"},{"taxonomy":"post_tag","embeddable":true,"href":"https:\/\/www.sudoestehoje.com.br\/novoportal\/wp-json\/wp\/v2\/tags?post=68117"}],"curies":[{"name":"wp","href":"https:\/\/api.w.org\/{rel}","templated":true}]}}