
{"id":68030,"date":"2017-10-02T01:07:23","date_gmt":"2017-10-02T04:07:23","guid":{"rendered":"http:\/\/www.sudoestehoje.com.br\/novoportal\/?p=68030"},"modified":"2017-10-02T11:11:45","modified_gmt":"2017-10-02T14:11:45","slug":"ministro-da-justica-recebera-rodrigo-hagge-para-tratar-das-invasoes-em-palmares","status":"publish","type":"post","link":"https:\/\/www.sudoestehoje.com.br\/novoportal\/2017\/10\/02\/ministro-da-justica-recebera-rodrigo-hagge-para-tratar-das-invasoes-em-palmares\/","title":{"rendered":"MINISTRO DA JUSTI\u00c7A RECEBER\u00c1 RODRIGO HAGGE PARA TRATAR DAS INVAS\u00d5ES EM PALMARES"},"content":{"rendered":"<p><a href=\"http:\/\/www.sudoestehoje.com.br\/novoportal\/wp-content\/uploads\/2017\/10\/ministro-justi\u00e7a.jpg\"><img loading=\"lazy\" decoding=\"async\" class=\"aligncenter size-medium wp-image-68034\" src=\"http:\/\/www.sudoestehoje.com.br\/novoportal\/wp-content\/uploads\/2017\/10\/ministro-justi\u00e7a-500x347.jpg\" alt=\"\" width=\"500\" height=\"347\" srcset=\"https:\/\/www.sudoestehoje.com.br\/novoportal\/wp-content\/uploads\/2017\/10\/ministro-justi\u00e7a-500x347.jpg 500w, https:\/\/www.sudoestehoje.com.br\/novoportal\/wp-content\/uploads\/2017\/10\/ministro-justi\u00e7a.jpg 620w\" sizes=\"auto, (max-width: 500px) 100vw, 500px\" \/><\/a><\/p>\n<p>Na pr\u00f3xima ter\u00e7a-feira (3), o prefeito de Itapetinga, Rodrigo Hagge (PMDB) ser\u00e1 recebido em audi\u00eancia pelo Ministro da Justi\u00e7a, Torquato Jardim, pra tratar das recentes invas\u00f5es de terras na regi\u00e3o de Palmares, por supostos \u00edndios, epis\u00f3dio que vem trazendo enorme preocupa\u00e7\u00e3o aos produtores rurais de toda a regi\u00e3o.<\/p>\n<p>A audi\u00eancia foi marcada pelo gabinete do Ministro Ant\u00f4nio Imbassahy, atrav\u00e9s do Secret\u00e1rio Nacional para Assuntos Corporativos, Paulo C\u00e2mara, que tomou conhecimento das invas\u00f5es atrav\u00e9s das mat\u00e9rias publicadas no Sudoeste Hoje.<\/p>\n<p>Em contato com o blog, Paulo informou que assim que soube das invas\u00f5es o ministro Imbassahy, determinou que provid\u00eancias fossem adotadas, em car\u00e1ter de urg\u00eancia, no \u00e2mbito do governo federal, solicitando de logo<\/p>\n<p>O prefeito Rodrigo Hagge tamb\u00e9m confirmou ao Sudoeste Hoje a sua ida a Brasilia, na pr\u00f3xima ter\u00e7a, para a audi\u00eancia com o Ministro Torquato Neto. Rodrigo Ir\u00e1 acompanhado do deputado estadual Pedro Tavares (PMDB) e do presidente do Sindicato Rural de Itapetinga, Eder Rezende.<\/p>\n<p><strong><em>Por Davi Ferraz<\/em><\/strong><\/p>\n","protected":false},"excerpt":{"rendered":"<p>Na pr\u00f3xima ter\u00e7a-feira (3), o prefeito de Itapetinga, Rodrigo Hagge (PMDB) ser\u00e1 recebido em audi\u00eancia pelo Ministro da Justi\u00e7a, Torquato Jardim, pra tratar das recentes invas\u00f5es de terras na regi\u00e3o de Palmares, por supostos \u00edndios, epis\u00f3dio que vem trazendo enorme preocupa\u00e7\u00e3o aos produtores rurais de toda a regi\u00e3o. A audi\u00eancia foi marcada pelo gabinete do [&hellip;]<\/p>\n","protected":false},"author":2,"featured_media":68034,"comment_status":"open","ping_status":"open","sticky":false,"template":"","format":"standard","meta":{"footnotes":"","_links_to":"","_links_to_target":""},"categories":[1],"tags":[],"class_list":["post-68030","post","type-post","status-publish","format-standard","has-post-thumbnail","hentry","category-geral"],"views":1658,"_links":{"self":[{"href":"https:\/\/www.sudoestehoje.com.br\/novoportal\/wp-json\/wp\/v2\/posts\/68030","targetHints":{"allow":["GET"]}}],"collection":[{"href":"https:\/\/www.sudoestehoje.com.br\/novoportal\/wp-json\/wp\/v2\/posts"}],"about":[{"href":"https:\/\/www.sudoestehoje.com.br\/novoportal\/wp-json\/wp\/v2\/types\/post"}],"author":[{"embeddable":true,"href":"https:\/\/www.sudoestehoje.com.br\/novoportal\/wp-json\/wp\/v2\/users\/2"}],"replies":[{"embeddable":true,"href":"https:\/\/www.sudoestehoje.com.br\/novoportal\/wp-json\/wp\/v2\/comments?post=68030"}],"version-history":[{"count":7,"href":"https:\/\/www.sudoestehoje.com.br\/novoportal\/wp-json\/wp\/v2\/posts\/68030\/revisions"}],"predecessor-version":[{"id":68038,"href":"https:\/\/www.sudoestehoje.com.br\/novoportal\/wp-json\/wp\/v2\/posts\/68030\/revisions\/68038"}],"wp:featuredmedia":[{"embeddable":true,"href":"https:\/\/www.sudoestehoje.com.br\/novoportal\/wp-json\/wp\/v2\/media\/68034"}],"wp:attachment":[{"href":"https:\/\/www.sudoestehoje.com.br\/novoportal\/wp-json\/wp\/v2\/media?parent=68030"}],"wp:term":[{"taxonomy":"category","embeddable":true,"href":"https:\/\/www.sudoestehoje.com.br\/novoportal\/wp-json\/wp\/v2\/categories?post=68030"},{"taxonomy":"post_tag","embeddable":true,"href":"https:\/\/www.sudoestehoje.com.br\/novoportal\/wp-json\/wp\/v2\/tags?post=68030"}],"curies":[{"name":"wp","href":"https:\/\/api.w.org\/{rel}","templated":true}]}}