
{"id":68023,"date":"2017-10-01T21:15:27","date_gmt":"2017-10-02T00:15:27","guid":{"rendered":"http:\/\/www.sudoestehoje.com.br\/novoportal\/?p=68023"},"modified":"2017-10-01T21:15:27","modified_gmt":"2017-10-02T00:15:27","slug":"eduardo-sales-diz-que-indios-do-paraguai-ameacam-agropecuaria-da-bahia","status":"publish","type":"post","link":"https:\/\/www.sudoestehoje.com.br\/novoportal\/2017\/10\/01\/eduardo-sales-diz-que-indios-do-paraguai-ameacam-agropecuaria-da-bahia\/","title":{"rendered":"EDUARDO SALES DIZ QUE &#8220;\u00cdNDIOS DO PARAGUAI&#8221; AMEA\u00c7AM AGROPECU\u00c1RIA DA BAHIA"},"content":{"rendered":"<p><a href=\"http:\/\/www.sudoestehoje.com.br\/novoportal\/wp-content\/uploads\/2017\/10\/Eduardo-Salles11.jpg\"><img loading=\"lazy\" decoding=\"async\" class=\"aligncenter size-medium wp-image-68024\" src=\"http:\/\/www.sudoestehoje.com.br\/novoportal\/wp-content\/uploads\/2017\/10\/Eduardo-Salles11-500x333.jpg\" alt=\"\" width=\"500\" height=\"333\" srcset=\"https:\/\/www.sudoestehoje.com.br\/novoportal\/wp-content\/uploads\/2017\/10\/Eduardo-Salles11-500x333.jpg 500w, https:\/\/www.sudoestehoje.com.br\/novoportal\/wp-content\/uploads\/2017\/10\/Eduardo-Salles11-768x512.jpg 768w, https:\/\/www.sudoestehoje.com.br\/novoportal\/wp-content\/uploads\/2017\/10\/Eduardo-Salles11-700x467.jpg 700w\" sizes=\"auto, (max-width: 500px) 100vw, 500px\" \/><\/a><\/p>\n<p>ITAPETINGA &#8211; Ao tomar conhecimento das \u00faltimas invas\u00f5es em propriedades rurais no munic\u00edpio de Itapetinga, o deputado estadual Eduardo Salles (PP) enviou mensagem ao Sudoeste Hoje se manifestando contra as invas\u00f5es. Na nota enviada ao blog, Eduardo chama os invasores de &#8220;\u00edndios do Paraguai&#8221;, afirmando que &#8220;lugar de bandido \u00e9 na cadeia&#8221;. Confira a manifesta\u00e7\u00e3o do deputado, que faz parte da base do governador Rui Costa (PT). Confira abaixo a nota do deputado:<\/p>\n<p><em><b><span class=\"_3oh- _58nk\">\u201c\u00cdNDIOS DO PARAGUAI\u201d AMEA\u00c7AM AGROPECU\u00c1RIA BAIANA<\/span><\/b> &#8211; Ao longo dos \u00faltimos dias os produtores do sudoeste da Bahia, em especial na regi\u00e3o de Itapetinga, est\u00e3o sofrendo com a a\u00e7\u00e3o violenta de criminosos que se dizem \u00edndios e est\u00e3o invadindo v\u00e1rias propriedades. Fam\u00edlias e trabalhadores est\u00e3o sendo expulsos de suas terras e s\u00e3o obrigados a abandonar suas fazendas. Em tr\u00eas dias j\u00e1 foram invadidas cerca de dez propriedades. V\u00e1rios homens armados est\u00e3o roubando as fazendas e sequestrando quem encontram nas propriedades.<\/em><\/p>\n<p><em>Conversei com o governador Rui Costa, o coronel Reis, da Pol\u00edcia Militar, alertando para este atentado \u00e0 agropecu\u00e1ria baiana. O governador j\u00e1 me sinalizou que assim que as reintegra\u00e7\u00f5es de posse dessas prioridades forem expedidas, o estado far\u00e1 todos os esfor\u00e7os necess\u00e1rios para que sejam cumpridas. J\u00e1 o Coronel Reis me garantiu a realiza\u00e7\u00e3o de rondas e blitzes para prevenir a a\u00e7\u00e3o desses criminosos. <\/em><\/p>\n<p><em> Agora, tamb\u00e9m precisamos contar com a sensibilidade dos ju\u00edzes para que as decis\u00f5es sejam r\u00e1pidas e seja reestabelecida a normalidade da atividade agropecu\u00e1ria na regi\u00e3o. Como presidente da Comiss\u00e3o de Agricultura da Assembleia, ressalto minha indigna\u00e7\u00e3o com essa situa\u00e7\u00e3o e vou batalhar em v\u00e1rias inst\u00e2ncias do estado para que os produtores tenham seus direitos preservados.<\/em><\/p>\n<p><em>Precisamos agora nos unir para mobilizar os diversos setores, como a imprensa, judici\u00e1rio e seguran\u00e7a p\u00fablica para que a\u00e7\u00f5es imediatas sejam adotadas. <\/em><\/p>\n<p><em>Deixo claro que os verdadeiros \u00edndios t\u00eam o meu respeito. Entretanto, para os criminosos, o rigor e peso da Justi\u00e7a. <\/em><\/p>\n<p><em>Lugar de bandido \u00e9 na cadeia!!! <\/em><\/p>\n<p><em><b><span class=\"_3oh- _58nk\">DEPUTADO ESTADUAL EDUARDO SALLES<\/span><\/b>\u00a0<\/em><\/p>\n","protected":false},"excerpt":{"rendered":"<p>ITAPETINGA &#8211; Ao tomar conhecimento das \u00faltimas invas\u00f5es em propriedades rurais no munic\u00edpio de Itapetinga, o deputado estadual Eduardo Salles (PP) enviou mensagem ao Sudoeste Hoje se manifestando contra as invas\u00f5es. Na nota enviada ao blog, Eduardo chama os invasores de &#8220;\u00edndios do Paraguai&#8221;, afirmando que &#8220;lugar de bandido \u00e9 na cadeia&#8221;. Confira a manifesta\u00e7\u00e3o [&hellip;]<\/p>\n","protected":false},"author":2,"featured_media":68024,"comment_status":"open","ping_status":"open","sticky":false,"template":"","format":"standard","meta":{"footnotes":"","_links_to":"","_links_to_target":""},"categories":[1],"tags":[],"class_list":["post-68023","post","type-post","status-publish","format-standard","has-post-thumbnail","hentry","category-geral"],"views":1584,"_links":{"self":[{"href":"https:\/\/www.sudoestehoje.com.br\/novoportal\/wp-json\/wp\/v2\/posts\/68023","targetHints":{"allow":["GET"]}}],"collection":[{"href":"https:\/\/www.sudoestehoje.com.br\/novoportal\/wp-json\/wp\/v2\/posts"}],"about":[{"href":"https:\/\/www.sudoestehoje.com.br\/novoportal\/wp-json\/wp\/v2\/types\/post"}],"author":[{"embeddable":true,"href":"https:\/\/www.sudoestehoje.com.br\/novoportal\/wp-json\/wp\/v2\/users\/2"}],"replies":[{"embeddable":true,"href":"https:\/\/www.sudoestehoje.com.br\/novoportal\/wp-json\/wp\/v2\/comments?post=68023"}],"version-history":[{"count":5,"href":"https:\/\/www.sudoestehoje.com.br\/novoportal\/wp-json\/wp\/v2\/posts\/68023\/revisions"}],"predecessor-version":[{"id":68029,"href":"https:\/\/www.sudoestehoje.com.br\/novoportal\/wp-json\/wp\/v2\/posts\/68023\/revisions\/68029"}],"wp:featuredmedia":[{"embeddable":true,"href":"https:\/\/www.sudoestehoje.com.br\/novoportal\/wp-json\/wp\/v2\/media\/68024"}],"wp:attachment":[{"href":"https:\/\/www.sudoestehoje.com.br\/novoportal\/wp-json\/wp\/v2\/media?parent=68023"}],"wp:term":[{"taxonomy":"category","embeddable":true,"href":"https:\/\/www.sudoestehoje.com.br\/novoportal\/wp-json\/wp\/v2\/categories?post=68023"},{"taxonomy":"post_tag","embeddable":true,"href":"https:\/\/www.sudoestehoje.com.br\/novoportal\/wp-json\/wp\/v2\/tags?post=68023"}],"curies":[{"name":"wp","href":"https:\/\/api.w.org\/{rel}","templated":true}]}}