
{"id":68004,"date":"2017-09-30T21:37:54","date_gmt":"2017-10-01T00:37:54","guid":{"rendered":"http:\/\/www.sudoestehoje.com.br\/novoportal\/?p=68004"},"modified":"2017-09-30T21:37:54","modified_gmt":"2017-10-01T00:37:54","slug":"novo-codigo-tributario-busca-justica-fiscal","status":"publish","type":"post","link":"https:\/\/www.sudoestehoje.com.br\/novoportal\/2017\/09\/30\/novo-codigo-tributario-busca-justica-fiscal\/","title":{"rendered":"NOVO C\u00d3DIGO TRIBUT\u00c1RIO BUSCA JUSTI\u00c7A FISCAL"},"content":{"rendered":"<p><a href=\"http:\/\/www.sudoestehoje.com.br\/novoportal\/wp-content\/uploads\/2017\/09\/CT.jpg\"><img loading=\"lazy\" decoding=\"async\" class=\"aligncenter  wp-image-68006\" src=\"http:\/\/www.sudoestehoje.com.br\/novoportal\/wp-content\/uploads\/2017\/09\/CT-500x281.jpg\" alt=\"\" width=\"502\" height=\"282\" srcset=\"https:\/\/www.sudoestehoje.com.br\/novoportal\/wp-content\/uploads\/2017\/09\/CT-500x281.jpg 500w, https:\/\/www.sudoestehoje.com.br\/novoportal\/wp-content\/uploads\/2017\/09\/CT-768x432.jpg 768w, https:\/\/www.sudoestehoje.com.br\/novoportal\/wp-content\/uploads\/2017\/09\/CT-700x394.jpg 700w, https:\/\/www.sudoestehoje.com.br\/novoportal\/wp-content\/uploads\/2017\/09\/CT.jpg 960w\" sizes=\"auto, (max-width: 502px) 100vw, 502px\" \/><\/a><\/p>\n<p>Na \u00faltima quarta-feira, 27, a C\u00e2mara de Vereadores de Itapetinga aprovou, por maioria absoluta, o novo C\u00f3digo Tribut\u00e1rio do munic\u00edpio. Regida por uma ultrapassada lei, com \u00faltima edi\u00e7\u00e3o em 1993, Itapetinga vinha sofrendo os reflexos da desatualiza\u00e7\u00e3o de suas pol\u00edticas fiscais.<\/p>\n<p>Em 24 anos, tempo de vig\u00eancia do antigo c\u00f3digo, a matriz tribut\u00e1ria nacional foi alterada, reduzindo drasticamente a arrecada\u00e7\u00e3o dos munic\u00edpios. Pensando na sobreviv\u00eancia econ\u00f4mica de Itapetinga, a prefeitura elaborou uma nova lei que promova justi\u00e7a fiscal. A ideia \u00e9 cobrar mais de quem pode mais e at\u00e9 retirar a cobran\u00e7a daqueles que n\u00e3o podem pagar.<\/p>\n<p>Assim, est\u00e1 previsto no novo c\u00f3digo, por exemplo, a isen\u00e7\u00e3o total do IPTU \u2013 Imposto Predial e Territorial Urbano \u2013 de 8.000 fam\u00edlias itapetinguenses de baixa renda. Al\u00e9m disso, 5.800 fam\u00edlias n\u00e3o pagar\u00e3o contribui\u00e7\u00e3o de ilumina\u00e7\u00e3o p\u00fablica.<\/p>\n<p>Enquanto a popula\u00e7\u00e3o que n\u00e3o tem recursos para pagar \u00e9 poupada dos altos encargos, por justi\u00e7a fiscal, grandes empresas aqui instaladas, como administradoras de cart\u00f5es de cr\u00e9dito e cons\u00f3rcios e planos de sa\u00fade, que antes tinham imposto retido nas suas cidades sedes, ter\u00e3o\u00a0 o valor revertido para investir em Itapetinga.<\/p>\n<p>Pensando em incentivar o empreendedorismo, o novo c\u00f3digo tribut\u00e1rio ratifica a isen\u00e7\u00e3o aos Micro Empreendedores Individuais de qualquer esp\u00e9cie de taxa p\u00fablica municipal. Isso significa que todos aqueles que arrecadarem at\u00e9 6 mil reais mensais n\u00e3o pagar\u00e3o, por exemplo, Licen\u00e7a de Localiza\u00e7\u00e3o, Alvar\u00e1 de Funcionamento, nem taxa de res\u00edduos s\u00f3lidos. Lucro maior para o empres\u00e1rio, mais desenvolvimento para o munic\u00edpio.<\/p>\n<p>O real significado do novo C\u00f3digo Tribut\u00e1rio vai muito al\u00e9m do aumento de tarifas e al\u00edquotas. Ele representa um compromisso com o crescimento seguro e sustent\u00e1vel do munic\u00edpio. Sem arrecada\u00e7\u00e3o n\u00e3o h\u00e1 obras, n\u00e3o h\u00e1 servi\u00e7o p\u00fablico, n\u00e3o h\u00e1 desenvolvimento.<\/p>\n<p>No entanto, um pequeno n\u00famero de legisladores, em disson\u00e2ncia com aqueles que acreditam no potencial desenvolvimentista de Itapetinga, entrou na justi\u00e7a com uma liminar para suspender a vota\u00e7\u00e3o do novo c\u00f3digo e atrasar a moderniza\u00e7\u00e3o municipal.<\/p>\n<p>O trabalho, no entanto, continua para recolocar Itapetinga no trilho do crescimento. \/\/<strong><em>Ascom<\/em><\/strong><\/p>\n","protected":false},"excerpt":{"rendered":"<p>Na \u00faltima quarta-feira, 27, a C\u00e2mara de Vereadores de Itapetinga aprovou, por maioria absoluta, o novo C\u00f3digo Tribut\u00e1rio do munic\u00edpio. Regida por uma ultrapassada lei, com \u00faltima edi\u00e7\u00e3o em 1993, Itapetinga vinha sofrendo os reflexos da desatualiza\u00e7\u00e3o de suas pol\u00edticas fiscais. Em 24 anos, tempo de vig\u00eancia do antigo c\u00f3digo, a matriz tribut\u00e1ria nacional foi [&hellip;]<\/p>\n","protected":false},"author":2,"featured_media":68006,"comment_status":"open","ping_status":"open","sticky":false,"template":"","format":"standard","meta":{"footnotes":"","_links_to":"","_links_to_target":""},"categories":[1],"tags":[],"class_list":["post-68004","post","type-post","status-publish","format-standard","has-post-thumbnail","hentry","category-geral"],"views":2019,"_links":{"self":[{"href":"https:\/\/www.sudoestehoje.com.br\/novoportal\/wp-json\/wp\/v2\/posts\/68004","targetHints":{"allow":["GET"]}}],"collection":[{"href":"https:\/\/www.sudoestehoje.com.br\/novoportal\/wp-json\/wp\/v2\/posts"}],"about":[{"href":"https:\/\/www.sudoestehoje.com.br\/novoportal\/wp-json\/wp\/v2\/types\/post"}],"author":[{"embeddable":true,"href":"https:\/\/www.sudoestehoje.com.br\/novoportal\/wp-json\/wp\/v2\/users\/2"}],"replies":[{"embeddable":true,"href":"https:\/\/www.sudoestehoje.com.br\/novoportal\/wp-json\/wp\/v2\/comments?post=68004"}],"version-history":[{"count":2,"href":"https:\/\/www.sudoestehoje.com.br\/novoportal\/wp-json\/wp\/v2\/posts\/68004\/revisions"}],"predecessor-version":[{"id":68007,"href":"https:\/\/www.sudoestehoje.com.br\/novoportal\/wp-json\/wp\/v2\/posts\/68004\/revisions\/68007"}],"wp:featuredmedia":[{"embeddable":true,"href":"https:\/\/www.sudoestehoje.com.br\/novoportal\/wp-json\/wp\/v2\/media\/68006"}],"wp:attachment":[{"href":"https:\/\/www.sudoestehoje.com.br\/novoportal\/wp-json\/wp\/v2\/media?parent=68004"}],"wp:term":[{"taxonomy":"category","embeddable":true,"href":"https:\/\/www.sudoestehoje.com.br\/novoportal\/wp-json\/wp\/v2\/categories?post=68004"},{"taxonomy":"post_tag","embeddable":true,"href":"https:\/\/www.sudoestehoje.com.br\/novoportal\/wp-json\/wp\/v2\/tags?post=68004"}],"curies":[{"name":"wp","href":"https:\/\/api.w.org\/{rel}","templated":true}]}}