
{"id":680,"date":"2010-09-28T13:57:12","date_gmt":"2010-09-28T16:57:12","guid":{"rendered":"http:\/\/sudoestehoje.tempsite.ws\/novoportal\/?p=680"},"modified":"2010-09-28T13:57:12","modified_gmt":"2010-09-28T16:57:12","slug":"itapetinga-solla-vai-entregar-ambulancias-do-samu-192-na-boca-da-eleicao","status":"publish","type":"post","link":"https:\/\/www.sudoestehoje.com.br\/novoportal\/2010\/09\/28\/itapetinga-solla-vai-entregar-ambulancias-do-samu-192-na-boca-da-eleicao\/","title":{"rendered":"ITAPETINGA: Solla vai entregar ambul\u00e2ncias do Samu 192 na &#8216;boca da elei\u00e7\u00e3o&#8217;"},"content":{"rendered":"<p style=\"text-align: center;\"><img decoding=\"async\" class=\"aligncenter\" src=\"http:\/\/www.redeimprensalivre.com.br\/wp-content\/uploads\/2010\/04\/samu-300x225.jpg\" alt=\"\" \/><\/p>\n<p>As popula\u00e7\u00f5es das regi\u00f5es de Jequi\u00e9, Vit\u00f3ria da Conquista e Itapetinga recebem amanh\u00e3 mais um refor\u00e7o para o atendimento na \u00e1rea da sa\u00fade. O secret\u00e1rio estadual da Sa\u00fade, Jorge Solla, estar\u00e1 \u00e0s 9h, em Jequi\u00e9, para entregar as 14 ambul\u00e2ncias de suporte b\u00e1sico (USB) para o SAMU 192. Ser\u00e3o beneficiados os munic\u00edpios de Aiquara, Apuarema, Barra do Rocha, Brej\u00f5es, D\u00e1rio Meira, Ipi\u00e1u, Iramaia, Jaguaquara, Lafaiete Coutinho, Manuel Vitorino, Marac\u00e1s, Planaltino, Santa In\u00eas e Jequi\u00e9. O evento acontecer\u00e1, na Avenida C\u00e9sar Borges, na Central do SAMU 192. \u00c0 tarde, a partir das 14h, Solla estar\u00e1 em Itapetinga, onde, na Pra\u00e7a Dayre Valley, entrega nove ambul\u00e2ncias de suporte b\u00e1sico (USB), para o SAMU Regional de Vit\u00f3ria da Conquista\/Itapetinga. Ser\u00e3o beneficiados os munic\u00edpios de Itapetinga, Itamb\u00e9, Itoror\u00f3 e Macarani, al\u00e9m de Po\u00e7\u00f5es, belo Campo, Condeuba, C\u00e2ndido Sales, Anag\u00ea e Vit\u00f3ria da Conquista. A base do SAMU Regional ficar\u00e1 em Vit\u00f3ria da Conquista. (Tribuna)<\/p>\n","protected":false},"excerpt":{"rendered":"<p>As popula\u00e7\u00f5es das regi\u00f5es de Jequi\u00e9, Vit\u00f3ria da Conquista e Itapetinga recebem amanh\u00e3 mais um refor\u00e7o para o atendimento na \u00e1rea da sa\u00fade. O secret\u00e1rio estadual da Sa\u00fade, Jorge Solla, estar\u00e1 \u00e0s 9h, em Jequi\u00e9, para entregar as 14 ambul\u00e2ncias de suporte b\u00e1sico (USB) para o SAMU 192. Ser\u00e3o beneficiados os munic\u00edpios de Aiquara, Apuarema, [&hellip;]<\/p>\n","protected":false},"author":2,"featured_media":0,"comment_status":"open","ping_status":"open","sticky":false,"template":"","format":"standard","meta":{"footnotes":"","_links_to":"","_links_to_target":""},"categories":[1],"tags":[],"class_list":["post-680","post","type-post","status-publish","format-standard","hentry","category-geral"],"views":1332,"_links":{"self":[{"href":"https:\/\/www.sudoestehoje.com.br\/novoportal\/wp-json\/wp\/v2\/posts\/680","targetHints":{"allow":["GET"]}}],"collection":[{"href":"https:\/\/www.sudoestehoje.com.br\/novoportal\/wp-json\/wp\/v2\/posts"}],"about":[{"href":"https:\/\/www.sudoestehoje.com.br\/novoportal\/wp-json\/wp\/v2\/types\/post"}],"author":[{"embeddable":true,"href":"https:\/\/www.sudoestehoje.com.br\/novoportal\/wp-json\/wp\/v2\/users\/2"}],"replies":[{"embeddable":true,"href":"https:\/\/www.sudoestehoje.com.br\/novoportal\/wp-json\/wp\/v2\/comments?post=680"}],"version-history":[{"count":3,"href":"https:\/\/www.sudoestehoje.com.br\/novoportal\/wp-json\/wp\/v2\/posts\/680\/revisions"}],"predecessor-version":[{"id":683,"href":"https:\/\/www.sudoestehoje.com.br\/novoportal\/wp-json\/wp\/v2\/posts\/680\/revisions\/683"}],"wp:attachment":[{"href":"https:\/\/www.sudoestehoje.com.br\/novoportal\/wp-json\/wp\/v2\/media?parent=680"}],"wp:term":[{"taxonomy":"category","embeddable":true,"href":"https:\/\/www.sudoestehoje.com.br\/novoportal\/wp-json\/wp\/v2\/categories?post=680"},{"taxonomy":"post_tag","embeddable":true,"href":"https:\/\/www.sudoestehoje.com.br\/novoportal\/wp-json\/wp\/v2\/tags?post=680"}],"curies":[{"name":"wp","href":"https:\/\/api.w.org\/{rel}","templated":true}]}}