
{"id":67992,"date":"2017-09-29T20:11:00","date_gmt":"2017-09-29T23:11:00","guid":{"rendered":"http:\/\/www.sudoestehoje.com.br\/novoportal\/?p=67992"},"modified":"2017-09-29T21:21:59","modified_gmt":"2017-09-30T00:21:59","slug":"regiao-familia-do-ex-ministro-geddel-tem-gado-roubado-em-maiquinique","status":"publish","type":"post","link":"https:\/\/www.sudoestehoje.com.br\/novoportal\/2017\/09\/29\/regiao-familia-do-ex-ministro-geddel-tem-gado-roubado-em-maiquinique\/","title":{"rendered":"REGI\u00c3O: FAM\u00cdLIA DO EX-MINISTRO GEDDEL TEM GADO ROUBADO EM MAIQUINIQUE"},"content":{"rendered":"<p><a href=\"http:\/\/www.sudoestehoje.com.br\/novoportal\/wp-content\/uploads\/2017\/09\/GADO-GEDDEL.jpg\"><img loading=\"lazy\" decoding=\"async\" class=\"aligncenter size-medium wp-image-67995\" src=\"http:\/\/www.sudoestehoje.com.br\/novoportal\/wp-content\/uploads\/2017\/09\/GADO-GEDDEL-500x281.jpg\" alt=\"\" width=\"500\" height=\"281\" srcset=\"https:\/\/www.sudoestehoje.com.br\/novoportal\/wp-content\/uploads\/2017\/09\/GADO-GEDDEL-500x281.jpg 500w, https:\/\/www.sudoestehoje.com.br\/novoportal\/wp-content\/uploads\/2017\/09\/GADO-GEDDEL-768x432.jpg 768w, https:\/\/www.sudoestehoje.com.br\/novoportal\/wp-content\/uploads\/2017\/09\/GADO-GEDDEL-700x394.jpg 700w, https:\/\/www.sudoestehoje.com.br\/novoportal\/wp-content\/uploads\/2017\/09\/GADO-GEDDEL.jpg 1280w\" sizes=\"auto, (max-width: 500px) 100vw, 500px\" \/><\/a><\/p>\n<p>Quatro dias ap\u00f3s uma fazenda do ex-ministro Geddel Vieira Lima\u00a0ter sido ocupada por supostos \u00edndios no munic\u00edpio Itapetinga, no sudoeste da Bahia, outra propriedade do ex-ministro foi assaltada no munic\u00edpio de Maiquinique, na mesma regi\u00e3o.<\/p>\n<p>Segundo divulgado pelo G1, os ladr\u00f5es teriam levado ao menos 25 cabe\u00e7as de gado da propriedade na noite desta quarta-feira (27). O delegado Ant\u00f4nio Roberto Gomes da Silva J\u00fanior, que \u00e9 coordenador da Pol\u00edcia Civil da regi\u00e3o, confirmou o registro da den\u00fancia.<\/p>\n<p>Ainda de acordo com a publica\u00e7\u00e3o, a pol\u00edcia trabalha com duas hip\u00f3teses: a primeira \u00e9 de que o caso tenha rela\u00e7\u00e3o com invas\u00e3o da fazenda pr\u00f3xima a Potiragu\u00e1. A segunda \u00e9 de que tenha a ver com suspeitos que assaltam fazendas da regi\u00e3o.<\/p>\n","protected":false},"excerpt":{"rendered":"<p>Quatro dias ap\u00f3s uma fazenda do ex-ministro Geddel Vieira Lima\u00a0ter sido ocupada por supostos \u00edndios no munic\u00edpio Itapetinga, no sudoeste da Bahia, outra propriedade do ex-ministro foi assaltada no munic\u00edpio de Maiquinique, na mesma regi\u00e3o. Segundo divulgado pelo G1, os ladr\u00f5es teriam levado ao menos 25 cabe\u00e7as de gado da propriedade na noite desta quarta-feira [&hellip;]<\/p>\n","protected":false},"author":2,"featured_media":67995,"comment_status":"open","ping_status":"open","sticky":false,"template":"","format":"standard","meta":{"footnotes":"","_links_to":"","_links_to_target":""},"categories":[1],"tags":[],"class_list":["post-67992","post","type-post","status-publish","format-standard","has-post-thumbnail","hentry","category-geral"],"views":1660,"_links":{"self":[{"href":"https:\/\/www.sudoestehoje.com.br\/novoportal\/wp-json\/wp\/v2\/posts\/67992","targetHints":{"allow":["GET"]}}],"collection":[{"href":"https:\/\/www.sudoestehoje.com.br\/novoportal\/wp-json\/wp\/v2\/posts"}],"about":[{"href":"https:\/\/www.sudoestehoje.com.br\/novoportal\/wp-json\/wp\/v2\/types\/post"}],"author":[{"embeddable":true,"href":"https:\/\/www.sudoestehoje.com.br\/novoportal\/wp-json\/wp\/v2\/users\/2"}],"replies":[{"embeddable":true,"href":"https:\/\/www.sudoestehoje.com.br\/novoportal\/wp-json\/wp\/v2\/comments?post=67992"}],"version-history":[{"count":3,"href":"https:\/\/www.sudoestehoje.com.br\/novoportal\/wp-json\/wp\/v2\/posts\/67992\/revisions"}],"predecessor-version":[{"id":67996,"href":"https:\/\/www.sudoestehoje.com.br\/novoportal\/wp-json\/wp\/v2\/posts\/67992\/revisions\/67996"}],"wp:featuredmedia":[{"embeddable":true,"href":"https:\/\/www.sudoestehoje.com.br\/novoportal\/wp-json\/wp\/v2\/media\/67995"}],"wp:attachment":[{"href":"https:\/\/www.sudoestehoje.com.br\/novoportal\/wp-json\/wp\/v2\/media?parent=67992"}],"wp:term":[{"taxonomy":"category","embeddable":true,"href":"https:\/\/www.sudoestehoje.com.br\/novoportal\/wp-json\/wp\/v2\/categories?post=67992"},{"taxonomy":"post_tag","embeddable":true,"href":"https:\/\/www.sudoestehoje.com.br\/novoportal\/wp-json\/wp\/v2\/tags?post=67992"}],"curies":[{"name":"wp","href":"https:\/\/api.w.org\/{rel}","templated":true}]}}