
{"id":67988,"date":"2017-09-28T20:16:48","date_gmt":"2017-09-28T23:16:48","guid":{"rendered":"http:\/\/www.sudoestehoje.com.br\/novoportal\/?p=67988"},"modified":"2017-09-28T20:16:48","modified_gmt":"2017-09-28T23:16:48","slug":"brasil-camara-aprova-redacao-final-da-pec-que-acaba-com-coligacoes","status":"publish","type":"post","link":"https:\/\/www.sudoestehoje.com.br\/novoportal\/2017\/09\/28\/brasil-camara-aprova-redacao-final-da-pec-que-acaba-com-coligacoes\/","title":{"rendered":"BRASIL: C\u00c2MARA APROVA REDA\u00c7\u00c3O FINAL DA PEC QUE ACABA COM COLIGA\u00c7\u00d5ES"},"content":{"rendered":"<p><a href=\"http:\/\/www.sudoestehoje.com.br\/novoportal\/wp-content\/uploads\/2017\/09\/CAMARA-DEPUTADOS.jpg\"><img loading=\"lazy\" decoding=\"async\" class=\"aligncenter size-medium wp-image-67989\" src=\"http:\/\/www.sudoestehoje.com.br\/novoportal\/wp-content\/uploads\/2017\/09\/CAMARA-DEPUTADOS-500x350.jpg\" alt=\"\" width=\"500\" height=\"350\" srcset=\"https:\/\/www.sudoestehoje.com.br\/novoportal\/wp-content\/uploads\/2017\/09\/CAMARA-DEPUTADOS-500x350.jpg 500w, https:\/\/www.sudoestehoje.com.br\/novoportal\/wp-content\/uploads\/2017\/09\/CAMARA-DEPUTADOS.jpg 600w\" sizes=\"auto, (max-width: 500px) 100vw, 500px\" \/><\/a><\/p>\n<p>A C\u00e2mara Federal aprovou nesta quinta-feira (28) a reda\u00e7\u00e3o final da Proposta de Emenda \u00e0 Constitui\u00e7\u00e3o (PEC) que extingue as coliga\u00e7\u00f5es a partir de 2020 e cria uma cl\u00e1usula de desempenho para acesso das siglas ao fundo partid\u00e1rio.<\/p>\n<p>O texto retornar\u00e1 para o Senado, onde teve origem, ap\u00f3s mudan\u00e7as feitas pelos deputados. A reda\u00e7\u00e3o final foi aprovada na C\u00e2mara de maneira simb\u00f3lica, sem a contagem de votos no plen\u00e1rio, e era uma formalidade regimental para que a mat\u00e9ria pudesse ser encaminhada aos senadores.<\/p>\n<p>O texto-base da proposta j\u00e1 tinha passado em segundo turno na \u00faltima semana e os deputados finalizaram a an\u00e1lise dos destaques (com sugest\u00f5es de mudan\u00e7a) na noite desta quarta-feira (27). Com informa\u00e7\u00f5es do G1.<\/p>\n","protected":false},"excerpt":{"rendered":"<p>A C\u00e2mara Federal aprovou nesta quinta-feira (28) a reda\u00e7\u00e3o final da Proposta de Emenda \u00e0 Constitui\u00e7\u00e3o (PEC) que extingue as coliga\u00e7\u00f5es a partir de 2020 e cria uma cl\u00e1usula de desempenho para acesso das siglas ao fundo partid\u00e1rio. O texto retornar\u00e1 para o Senado, onde teve origem, ap\u00f3s mudan\u00e7as feitas pelos deputados. A reda\u00e7\u00e3o final [&hellip;]<\/p>\n","protected":false},"author":2,"featured_media":67989,"comment_status":"open","ping_status":"open","sticky":false,"template":"","format":"standard","meta":{"footnotes":"","_links_to":"","_links_to_target":""},"categories":[1],"tags":[],"class_list":["post-67988","post","type-post","status-publish","format-standard","has-post-thumbnail","hentry","category-geral"],"views":1109,"_links":{"self":[{"href":"https:\/\/www.sudoestehoje.com.br\/novoportal\/wp-json\/wp\/v2\/posts\/67988","targetHints":{"allow":["GET"]}}],"collection":[{"href":"https:\/\/www.sudoestehoje.com.br\/novoportal\/wp-json\/wp\/v2\/posts"}],"about":[{"href":"https:\/\/www.sudoestehoje.com.br\/novoportal\/wp-json\/wp\/v2\/types\/post"}],"author":[{"embeddable":true,"href":"https:\/\/www.sudoestehoje.com.br\/novoportal\/wp-json\/wp\/v2\/users\/2"}],"replies":[{"embeddable":true,"href":"https:\/\/www.sudoestehoje.com.br\/novoportal\/wp-json\/wp\/v2\/comments?post=67988"}],"version-history":[{"count":1,"href":"https:\/\/www.sudoestehoje.com.br\/novoportal\/wp-json\/wp\/v2\/posts\/67988\/revisions"}],"predecessor-version":[{"id":67990,"href":"https:\/\/www.sudoestehoje.com.br\/novoportal\/wp-json\/wp\/v2\/posts\/67988\/revisions\/67990"}],"wp:featuredmedia":[{"embeddable":true,"href":"https:\/\/www.sudoestehoje.com.br\/novoportal\/wp-json\/wp\/v2\/media\/67989"}],"wp:attachment":[{"href":"https:\/\/www.sudoestehoje.com.br\/novoportal\/wp-json\/wp\/v2\/media?parent=67988"}],"wp:term":[{"taxonomy":"category","embeddable":true,"href":"https:\/\/www.sudoestehoje.com.br\/novoportal\/wp-json\/wp\/v2\/categories?post=67988"},{"taxonomy":"post_tag","embeddable":true,"href":"https:\/\/www.sudoestehoje.com.br\/novoportal\/wp-json\/wp\/v2\/tags?post=67988"}],"curies":[{"name":"wp","href":"https:\/\/api.w.org\/{rel}","templated":true}]}}