
{"id":67975,"date":"2017-09-28T11:53:03","date_gmt":"2017-09-28T14:53:03","guid":{"rendered":"http:\/\/www.sudoestehoje.com.br\/novoportal\/?p=67975"},"modified":"2017-09-28T15:11:34","modified_gmt":"2017-09-28T18:11:34","slug":"banco-do-brasil-aprova-reivindicacoes-de-paulo-camara-em-favor-dos-produtores-rurais","status":"publish","type":"post","link":"https:\/\/www.sudoestehoje.com.br\/novoportal\/2017\/09\/28\/banco-do-brasil-aprova-reivindicacoes-de-paulo-camara-em-favor-dos-produtores-rurais\/","title":{"rendered":"BANCO DO BRASIL APROVA PAUTA DE PAULO C\u00c2MARA EM FAVOR DOS PRODUTORES RURAIS"},"content":{"rendered":"<p><a href=\"http:\/\/www.sudoestehoje.com.br\/novoportal\/wp-content\/uploads\/2017\/09\/PAULO-2.jpg\"><img loading=\"lazy\" decoding=\"async\" class=\"aligncenter size-medium wp-image-67976\" src=\"http:\/\/www.sudoestehoje.com.br\/novoportal\/wp-content\/uploads\/2017\/09\/PAULO-2-500x500.jpg\" alt=\"\" width=\"500\" height=\"500\" srcset=\"https:\/\/www.sudoestehoje.com.br\/novoportal\/wp-content\/uploads\/2017\/09\/PAULO-2-500x500.jpg 500w, https:\/\/www.sudoestehoje.com.br\/novoportal\/wp-content\/uploads\/2017\/09\/PAULO-2-150x150.jpg 150w, https:\/\/www.sudoestehoje.com.br\/novoportal\/wp-content\/uploads\/2017\/09\/PAULO-2-768x768.jpg 768w, https:\/\/www.sudoestehoje.com.br\/novoportal\/wp-content\/uploads\/2017\/09\/PAULO-2-700x700.jpg 700w, https:\/\/www.sudoestehoje.com.br\/novoportal\/wp-content\/uploads\/2017\/09\/PAULO-2.jpg 960w\" sizes=\"auto, (max-width: 500px) 100vw, 500px\" \/><\/a><\/p>\n<p>Na ter\u00e7a-feirada semana passada (19), o Secret\u00e1rio Nacional para Assuntos Corporativos da Presid\u00eancia da Rep\u00fablica, Paulo C\u00e2mara, se reuniu com dirigentes do Banco do Brasil, em Brasilia, onde levou uma pauta de reivindica\u00e7\u00f5es de produtores rurais de todo o Brasil, que estavam encontrando dificuldades para renegociar suas d\u00edvidas junto ao Banco.<\/p>\n<p>O pleito do secret\u00e1rio Paulo C\u00e2mara contou com o apoio incondicional do Ministro Ant\u00f4nio Imbassahy, e a boa not\u00edcia chegou nesta quarta-feira, para al\u00edvio dos produtores rurais.<\/p>\n<p>Em contato com o Sudoeste Hoje, Paulo informou que\u00a0 toda a pauta da audi\u00eancia com o vice-presidente de Agroneg\u00f3cios do Banco do Brasil, Tarc\u00edsio H\u00fcbner e o gerente executivo da mesma \u00e1rea, Alvaro Tosetto foi aprovada e que as superintend\u00eancias regionais j\u00e1 come\u00e7am a ser informadas e preparadas para atender aos produtores rurais.<\/p>\n<p>Paulo destacou que vai continuar nessa luta, junto com o Ministro Imbassahy, por um setor importante para a economia do Brasil, e enumerou as reivindica\u00e7\u00f5es contempladas pela dire\u00e7\u00e3o do banco, em favor do agroneg\u00f3cio:<\/p>\n<p>\ufffd- Dispensa de an\u00e1lises caso a caso em opera\u00e7\u00f5es at\u00e9 R$ 200 mil ( o que representa + de 90% das opera\u00e7\u00f5es)<\/p>\n<p>\ufffd &#8211; An\u00e1lise caso a caso tamb\u00e9m para as opera\u00e7\u00f5es acima de R$ 200 mil &#8211; Dispensa de laudos individuais<\/p>\n<p>\ufffd- Dispensa de decreto municipal<\/p>\n<p>\ufffd &#8211; Sem impedimento para o produtor tomar novos cr\u00e9ditos<\/p>\n<p>\ufffd &#8211; Para parcelas de investimentos e custeios prorrogados em anos anteriores: 1 ano ap\u00f3s o final do contrato<\/p>\n<p>\ufffd &#8211; Para custeios:<\/p>\n<p>\ufffd Pecu\u00e1ria e fruticultura: 3 parcelas anuais com a primeira em 2020<\/p>\n<p>\ufffd Demais atividades: 4 parcelas anuais com a primeira em 2019<\/p>\n<p>O Secret\u00e1rio informou tamb\u00e9m que at\u00e9 o final de outubro visitar\u00e1 Itapetinga e regi\u00e3o, ao lado do ministro Imbassahy, para se reunirem com lideran\u00e7as pol\u00edticas e produtores rurais da regi\u00e3o.<\/p>\n<p><strong><em>Por Davi Ferraz<\/em><\/strong><\/p>\n","protected":false},"excerpt":{"rendered":"<p>Na ter\u00e7a-feirada semana passada (19), o Secret\u00e1rio Nacional para Assuntos Corporativos da Presid\u00eancia da Rep\u00fablica, Paulo C\u00e2mara, se reuniu com dirigentes do Banco do Brasil, em Brasilia, onde levou uma pauta de reivindica\u00e7\u00f5es de produtores rurais de todo o Brasil, que estavam encontrando dificuldades para renegociar suas d\u00edvidas junto ao Banco. O pleito do secret\u00e1rio [&hellip;]<\/p>\n","protected":false},"author":2,"featured_media":67976,"comment_status":"open","ping_status":"open","sticky":false,"template":"","format":"standard","meta":{"footnotes":"","_links_to":"","_links_to_target":""},"categories":[1],"tags":[],"class_list":["post-67975","post","type-post","status-publish","format-standard","has-post-thumbnail","hentry","category-geral"],"views":1313,"_links":{"self":[{"href":"https:\/\/www.sudoestehoje.com.br\/novoportal\/wp-json\/wp\/v2\/posts\/67975","targetHints":{"allow":["GET"]}}],"collection":[{"href":"https:\/\/www.sudoestehoje.com.br\/novoportal\/wp-json\/wp\/v2\/posts"}],"about":[{"href":"https:\/\/www.sudoestehoje.com.br\/novoportal\/wp-json\/wp\/v2\/types\/post"}],"author":[{"embeddable":true,"href":"https:\/\/www.sudoestehoje.com.br\/novoportal\/wp-json\/wp\/v2\/users\/2"}],"replies":[{"embeddable":true,"href":"https:\/\/www.sudoestehoje.com.br\/novoportal\/wp-json\/wp\/v2\/comments?post=67975"}],"version-history":[{"count":5,"href":"https:\/\/www.sudoestehoje.com.br\/novoportal\/wp-json\/wp\/v2\/posts\/67975\/revisions"}],"predecessor-version":[{"id":67981,"href":"https:\/\/www.sudoestehoje.com.br\/novoportal\/wp-json\/wp\/v2\/posts\/67975\/revisions\/67981"}],"wp:featuredmedia":[{"embeddable":true,"href":"https:\/\/www.sudoestehoje.com.br\/novoportal\/wp-json\/wp\/v2\/media\/67976"}],"wp:attachment":[{"href":"https:\/\/www.sudoestehoje.com.br\/novoportal\/wp-json\/wp\/v2\/media?parent=67975"}],"wp:term":[{"taxonomy":"category","embeddable":true,"href":"https:\/\/www.sudoestehoje.com.br\/novoportal\/wp-json\/wp\/v2\/categories?post=67975"},{"taxonomy":"post_tag","embeddable":true,"href":"https:\/\/www.sudoestehoje.com.br\/novoportal\/wp-json\/wp\/v2\/tags?post=67975"}],"curies":[{"name":"wp","href":"https:\/\/api.w.org\/{rel}","templated":true}]}}