
{"id":67968,"date":"2017-09-27T22:13:34","date_gmt":"2017-09-28T01:13:34","guid":{"rendered":"http:\/\/www.sudoestehoje.com.br\/novoportal\/?p=67968"},"modified":"2017-09-27T22:21:36","modified_gmt":"2017-09-28T01:21:36","slug":"itapetinga-novo-codigo-tributario-e-aprovado-pela-camara-de-vereadores","status":"publish","type":"post","link":"https:\/\/www.sudoestehoje.com.br\/novoportal\/2017\/09\/27\/itapetinga-novo-codigo-tributario-e-aprovado-pela-camara-de-vereadores\/","title":{"rendered":"ITAPETINGA: NOVO C\u00d3DIGO TRIBUT\u00c1RIO \u00c9 APROVADO PELA C\u00c2MARA DE VEREADORES"},"content":{"rendered":"<p><a href=\"http:\/\/www.sudoestehoje.com.br\/novoportal\/wp-content\/uploads\/2017\/09\/C\u00c2MARA-DE-VEREADORES.jpg\"><img loading=\"lazy\" decoding=\"async\" class=\"aligncenter size-medium wp-image-67969\" src=\"http:\/\/www.sudoestehoje.com.br\/novoportal\/wp-content\/uploads\/2017\/09\/C\u00c2MARA-DE-VEREADORES-500x375.jpg\" alt=\"\" width=\"500\" height=\"375\" srcset=\"https:\/\/www.sudoestehoje.com.br\/novoportal\/wp-content\/uploads\/2017\/09\/C\u00c2MARA-DE-VEREADORES-500x375.jpg 500w, https:\/\/www.sudoestehoje.com.br\/novoportal\/wp-content\/uploads\/2017\/09\/C\u00c2MARA-DE-VEREADORES-768x576.jpg 768w, https:\/\/www.sudoestehoje.com.br\/novoportal\/wp-content\/uploads\/2017\/09\/C\u00c2MARA-DE-VEREADORES-700x525.jpg 700w, https:\/\/www.sudoestehoje.com.br\/novoportal\/wp-content\/uploads\/2017\/09\/C\u00c2MARA-DE-VEREADORES.jpg 960w\" sizes=\"auto, (max-width: 500px) 100vw, 500px\" \/><\/a><\/p>\n<p>Na noite desta quarta-feira (27), a C\u00e2mara de Vereadores de Itapetinga aprovou, por maioria absoluta dos seus membros, o projeto de lei que institui o novo C\u00f3digo Tribut\u00e1rio do Munic\u00edpio, proposto pelo Poder Executivo.<\/p>\n<p>Em sess\u00e3o concorrida e com o plen\u00e1rio lotado, a proposta do governo municipal foi debatido pelos edis e colocado em vota\u00e7\u00e3o, em duas sess\u00f5es consecutivas, a pedido do vereador Sargento Alberto (PP) e com aprova\u00e7\u00e3o do plen\u00e1rio, expediente previsto no Regimento Interno do Poder Legislativo Municipal.<\/p>\n<p>De acordo com a mensagem do prefeito, o novo C\u00f3digo Tribut\u00e1rio tr\u00e1s in\u00fameros avan\u00e7os em rela\u00e7\u00e3o ao atual, que vigora desde 1993, e \u00e9 considerado ultrapassado e obsoleto, dificultando a arrecada\u00e7\u00e3o dos tributos municipais. O novo c\u00f3digo, segundo o Executivo, facilitar\u00e1 a atualiza\u00e7\u00e3o e cobran\u00e7a dos tributos, hoje totalmente defasados, al\u00e9m de aprimorar a rela\u00e7\u00e3o do poder p\u00fablico com o contribuinte.<\/p>\n<p>O novo C\u00f3digo Tribut\u00e1rio entrar\u00e1 em vigor a partir de 1\u00ba de Janeiro de 2018.<\/p>\n<p><strong><em>Por Davi Ferraz\u00a0<\/em> <\/strong><\/p>\n","protected":false},"excerpt":{"rendered":"<p>Na noite desta quarta-feira (27), a C\u00e2mara de Vereadores de Itapetinga aprovou, por maioria absoluta dos seus membros, o projeto de lei que institui o novo C\u00f3digo Tribut\u00e1rio do Munic\u00edpio, proposto pelo Poder Executivo. Em sess\u00e3o concorrida e com o plen\u00e1rio lotado, a proposta do governo municipal foi debatido pelos edis e colocado em vota\u00e7\u00e3o, [&hellip;]<\/p>\n","protected":false},"author":2,"featured_media":67969,"comment_status":"open","ping_status":"open","sticky":false,"template":"","format":"standard","meta":{"footnotes":"","_links_to":"","_links_to_target":""},"categories":[1],"tags":[],"class_list":["post-67968","post","type-post","status-publish","format-standard","has-post-thumbnail","hentry","category-geral"],"views":1833,"_links":{"self":[{"href":"https:\/\/www.sudoestehoje.com.br\/novoportal\/wp-json\/wp\/v2\/posts\/67968","targetHints":{"allow":["GET"]}}],"collection":[{"href":"https:\/\/www.sudoestehoje.com.br\/novoportal\/wp-json\/wp\/v2\/posts"}],"about":[{"href":"https:\/\/www.sudoestehoje.com.br\/novoportal\/wp-json\/wp\/v2\/types\/post"}],"author":[{"embeddable":true,"href":"https:\/\/www.sudoestehoje.com.br\/novoportal\/wp-json\/wp\/v2\/users\/2"}],"replies":[{"embeddable":true,"href":"https:\/\/www.sudoestehoje.com.br\/novoportal\/wp-json\/wp\/v2\/comments?post=67968"}],"version-history":[{"count":4,"href":"https:\/\/www.sudoestehoje.com.br\/novoportal\/wp-json\/wp\/v2\/posts\/67968\/revisions"}],"predecessor-version":[{"id":67974,"href":"https:\/\/www.sudoestehoje.com.br\/novoportal\/wp-json\/wp\/v2\/posts\/67968\/revisions\/67974"}],"wp:featuredmedia":[{"embeddable":true,"href":"https:\/\/www.sudoestehoje.com.br\/novoportal\/wp-json\/wp\/v2\/media\/67969"}],"wp:attachment":[{"href":"https:\/\/www.sudoestehoje.com.br\/novoportal\/wp-json\/wp\/v2\/media?parent=67968"}],"wp:term":[{"taxonomy":"category","embeddable":true,"href":"https:\/\/www.sudoestehoje.com.br\/novoportal\/wp-json\/wp\/v2\/categories?post=67968"},{"taxonomy":"post_tag","embeddable":true,"href":"https:\/\/www.sudoestehoje.com.br\/novoportal\/wp-json\/wp\/v2\/tags?post=67968"}],"curies":[{"name":"wp","href":"https:\/\/api.w.org\/{rel}","templated":true}]}}