
{"id":67964,"date":"2017-09-27T18:10:35","date_gmt":"2017-09-27T21:10:35","guid":{"rendered":"http:\/\/www.sudoestehoje.com.br\/novoportal\/?p=67964"},"modified":"2017-09-27T18:10:35","modified_gmt":"2017-09-27T21:10:35","slug":"atritos-com-rosemberg-podem-provocar-queda-do-secretario-jorge-portugal","status":"publish","type":"post","link":"https:\/\/www.sudoestehoje.com.br\/novoportal\/2017\/09\/27\/atritos-com-rosemberg-podem-provocar-queda-do-secretario-jorge-portugal\/","title":{"rendered":"ATRITOS COM ROSEMBERG PODEM PROVOCAR QUEDA DO SECRET\u00c1RIO JORGE PORTUGAL"},"content":{"rendered":"<p><a href=\"http:\/\/www.sudoestehoje.com.br\/novoportal\/wp-content\/uploads\/2017\/09\/JORGE-E-ROSINHA.jpg\"><img loading=\"lazy\" decoding=\"async\" class=\"aligncenter  wp-image-67965\" src=\"http:\/\/www.sudoestehoje.com.br\/novoportal\/wp-content\/uploads\/2017\/09\/JORGE-E-ROSINHA-500x375.jpg\" alt=\"\" width=\"500\" height=\"375\" srcset=\"https:\/\/www.sudoestehoje.com.br\/novoportal\/wp-content\/uploads\/2017\/09\/JORGE-E-ROSINHA-500x375.jpg 500w, https:\/\/www.sudoestehoje.com.br\/novoportal\/wp-content\/uploads\/2017\/09\/JORGE-E-ROSINHA.jpg 600w\" sizes=\"auto, (max-width: 500px) 100vw, 500px\" \/><\/a><\/p>\n<p>N\u00e3o \u00e9 o primeiro momento em que ele aparece na corda bamba, mas, desta vez, deve realmente cair. O secret\u00e1rio estadual de Cultura, Jorge Portugal, pode ser um dos pr\u00f3ximos alvos das mudan\u00e7as no secretariado realizadas pelo governador Rui Costa.<\/p>\n<p>De acordo com informa\u00e7\u00f5es obtidas pelo Bahia Not\u00edcias junto a fontes pr\u00f3ximas ao governo do Estado, o titular da Secult \u00e9 considerado nos bastidores como \u201ccarta certa\u201d fora do baralho. Um dos principais motivos para sua poss\u00edvel queda s\u00e3o os constantes conflitos com o deputado estadual Rosemberg Pinto (PT), considerado nome de grande influ\u00eancia dentro da pasta.<\/p>\n<p>O petista pode ser respons\u00e1vel por mais uma mudan\u00e7a de quadro na secretaria em menos de um m\u00eas. Nos corredores, atribui-se tamb\u00e9m a ele a sa\u00edda de Fernanda Tourinho do comando da Funda\u00e7\u00e3o Cultural da Bahia (Funceb), atrelada \u00e0 Secult. Al\u00e9m do \u201cfator Rosemberg\u201d, conspira contra Portugal seu desempenho \u00e0 frente da pasta, alvo de cr\u00edticas, al\u00e9m de algumas atitudes externas.<\/p>\n<p>Recentemente, o secret\u00e1rio deu uma entrevista ao presidente da Assembleia Legislativa da Bahia (AL-BA), Angelo Coronel (PSD), em que reclamou da falta de recursos para gerir a secretaria. A declara\u00e7\u00e3o repercutiu mal. Al\u00e9m de Portugal, outro que estaria com a faca no pesco\u00e7o \u00e9 o secret\u00e1rio de Meio Ambiente, Geraldo Reis.<\/p>\n","protected":false},"excerpt":{"rendered":"<p>N\u00e3o \u00e9 o primeiro momento em que ele aparece na corda bamba, mas, desta vez, deve realmente cair. O secret\u00e1rio estadual de Cultura, Jorge Portugal, pode ser um dos pr\u00f3ximos alvos das mudan\u00e7as no secretariado realizadas pelo governador Rui Costa. De acordo com informa\u00e7\u00f5es obtidas pelo Bahia Not\u00edcias junto a fontes pr\u00f3ximas ao governo do [&hellip;]<\/p>\n","protected":false},"author":2,"featured_media":67965,"comment_status":"open","ping_status":"open","sticky":false,"template":"","format":"standard","meta":{"footnotes":"","_links_to":"","_links_to_target":""},"categories":[1],"tags":[],"class_list":["post-67964","post","type-post","status-publish","format-standard","has-post-thumbnail","hentry","category-geral"],"views":1381,"_links":{"self":[{"href":"https:\/\/www.sudoestehoje.com.br\/novoportal\/wp-json\/wp\/v2\/posts\/67964","targetHints":{"allow":["GET"]}}],"collection":[{"href":"https:\/\/www.sudoestehoje.com.br\/novoportal\/wp-json\/wp\/v2\/posts"}],"about":[{"href":"https:\/\/www.sudoestehoje.com.br\/novoportal\/wp-json\/wp\/v2\/types\/post"}],"author":[{"embeddable":true,"href":"https:\/\/www.sudoestehoje.com.br\/novoportal\/wp-json\/wp\/v2\/users\/2"}],"replies":[{"embeddable":true,"href":"https:\/\/www.sudoestehoje.com.br\/novoportal\/wp-json\/wp\/v2\/comments?post=67964"}],"version-history":[{"count":2,"href":"https:\/\/www.sudoestehoje.com.br\/novoportal\/wp-json\/wp\/v2\/posts\/67964\/revisions"}],"predecessor-version":[{"id":67967,"href":"https:\/\/www.sudoestehoje.com.br\/novoportal\/wp-json\/wp\/v2\/posts\/67964\/revisions\/67967"}],"wp:featuredmedia":[{"embeddable":true,"href":"https:\/\/www.sudoestehoje.com.br\/novoportal\/wp-json\/wp\/v2\/media\/67965"}],"wp:attachment":[{"href":"https:\/\/www.sudoestehoje.com.br\/novoportal\/wp-json\/wp\/v2\/media?parent=67964"}],"wp:term":[{"taxonomy":"category","embeddable":true,"href":"https:\/\/www.sudoestehoje.com.br\/novoportal\/wp-json\/wp\/v2\/categories?post=67964"},{"taxonomy":"post_tag","embeddable":true,"href":"https:\/\/www.sudoestehoje.com.br\/novoportal\/wp-json\/wp\/v2\/tags?post=67964"}],"curies":[{"name":"wp","href":"https:\/\/api.w.org\/{rel}","templated":true}]}}