
{"id":67956,"date":"2017-09-26T21:10:18","date_gmt":"2017-09-27T00:10:18","guid":{"rendered":"http:\/\/www.sudoestehoje.com.br\/novoportal\/?p=67956"},"modified":"2017-09-26T21:12:38","modified_gmt":"2017-09-27T00:12:38","slug":"em-carta-estarrecedora-de-desfiliacao-ao-pt-palocci-acaba-com-lula","status":"publish","type":"post","link":"https:\/\/www.sudoestehoje.com.br\/novoportal\/2017\/09\/26\/em-carta-estarrecedora-de-desfiliacao-ao-pt-palocci-acaba-com-lula\/","title":{"rendered":"EM CARTA ESTARRECEDORA DE DESFILIA\u00c7\u00c3O AO PT, PALOCCI ACABA COM LULA"},"content":{"rendered":"<p><a href=\"http:\/\/www.sudoestehoje.com.br\/novoportal\/wp-content\/uploads\/2017\/09\/lula-palocci-despedida8.jpg\"><img loading=\"lazy\" decoding=\"async\" class=\"aligncenter size-medium wp-image-67957\" src=\"http:\/\/www.sudoestehoje.com.br\/novoportal\/wp-content\/uploads\/2017\/09\/lula-palocci-despedida8-500x333.jpg\" alt=\"\" width=\"500\" height=\"333\" srcset=\"https:\/\/www.sudoestehoje.com.br\/novoportal\/wp-content\/uploads\/2017\/09\/lula-palocci-despedida8-500x333.jpg 500w, https:\/\/www.sudoestehoje.com.br\/novoportal\/wp-content\/uploads\/2017\/09\/lula-palocci-despedida8-768x511.jpg 768w, https:\/\/www.sudoestehoje.com.br\/novoportal\/wp-content\/uploads\/2017\/09\/lula-palocci-despedida8-700x466.jpg 700w, https:\/\/www.sudoestehoje.com.br\/novoportal\/wp-content\/uploads\/2017\/09\/lula-palocci-despedida8.jpg 1000w\" sizes=\"auto, (max-width: 500px) 100vw, 500px\" \/><\/a><\/p>\n<p>O ex-ministro Antonio Palocci enviou ao PT sua carta de desfilia\u00e7\u00e3o, ap\u00f3s procedimento que o suspendeu, n\u00e3o por ter cometido crimes, mas por dizer a verdade sobre a corrup\u00e7\u00e3o petista e de Lula. Na carta, Palocci revela sua desilus\u00e3o com o partido e com o ex-presidente.<\/p>\n<p><em><strong>Leia a \u00edntegra da carta:\u00a0<\/strong><\/em><br \/>\n<!--more--><\/p>\n<p><em>Senhora Presidente,<\/em><\/p>\n<p><em>Soube pela imprensa da abertura do processo disciplinar pelo PT-RP, bem como de minha suspens\u00e3o pelo Diret\u00f3rio Nacional por 60 dias. Confesso minha estranheza sobre o conte\u00fado do referido processo. Neste \u00faltimo per\u00edodo, havia me preparado para enfrentar junto ao partido um procedimento de natureza \u00e9tica frente \u00e0 recente condena\u00e7\u00e3o que sofri na 13\u00aa Vara Federal de Curitiba, pelo DD. Juiz S\u00e9rgio Fernando Moro. Pensava ser normal que o partido procurasse saber as raz\u00f5es que levaram a tal condena\u00e7\u00e3o e minhas eventuais alega\u00e7\u00f5es. Mas nada recebi sobre isso.\u00a0<\/em><\/p>\n<p><em>Recebo agora as not\u00edcias de abertura de procedimento \u00e9tico em raz\u00e3o das minhas declara\u00e7\u00f5es no interrogat\u00f3rio judicial ocorrido no \u00faltimo dia 6\/9\/2017, sobre ilegalidades que cometi durante os governos de nosso partido.\u00a0<\/em><br \/>\n<em> O procedimento questiona minhas afirma\u00e7\u00f5es a respeito do ex-presidente Lula.<\/em><\/p>\n<p><em>Sobre isso, tenho a dizer que:\u00a0<\/em><\/p>\n<p><em>1) H\u00e1 alguns meses decidi colaborar com a Justi\u00e7a, por acreditar ser este o caminho mais correto a seguir, buscando acelerar o processo em curso de apura\u00e7\u00e3o de ilegalidades e de reformas na legisla\u00e7\u00e3o de procedimentos p\u00fablicos e na legisla\u00e7\u00e3o partid\u00e1ria-eleitoral, que reclamam urgente moderniza\u00e7\u00e3o.\u00a0<\/em><\/p>\n<p><em>2) Defendo o mesmo caminho para o PT. H\u00e1 pouco mais de um ano tive oportunidade de expressar essa opini\u00e3o de uma maneira informal a Lula e Rui Falc\u00e3o, ent\u00e3o presidente do PT, que naquela oportunidade transmitia uma proposta apresentada por Jo\u00e3o Vaccari, para que o PT buscasse um processo de leni\u00eancia na Lava Jato.\u00a0<\/em><\/p>\n<p><em>3) Estou disposto a enfrentar qualquer procedimento de natureza \u00e1tica no partido sobre as ilegalidades que cometi durante nossos governos, as raz\u00f5es e as circunst\u00e2ncias que me levaram a estes atos e, mesmo considerando a for\u00e7a das conting\u00eancias hist\u00f3ricas, suportar pessoalmente as puni\u00e7\u00f5es que o partido julgar cab\u00edveis.\u00a0<\/em><\/p>\n<p><em>4) N\u00e3o vejo possibilidade, entretanto, de colaborar no processo aberto pelo partido sobre minhas afirma\u00e7\u00f5es quanto \u00e0s responsabilidades do ex-presidente Lula nas situa\u00e7\u00f5es citadas por ocasi\u00e3o do interrogat\u00f3rio de 6\/9\/2017. Isso porque tais quest\u00f5es fazem parte do processo de negocia\u00e7\u00e3o com o MPF, e tal procedimento encontra-se envolto em sigilo legal. Foi por isso que naquela oportunidade limitei-me a fatos relacionados \u00e0quele processo. Dito isto, declaro minha disposi\u00e7\u00e3o de responder aos questionamentos do partido sobre qualquer tema, logo ap\u00f3s os prazos legais.\u00a0<\/em><\/p>\n<p><em>5) De qualquer forma, quero adiantar que, sobre as informa\u00e7\u00f5es prestadas em 6\/9\/2017 (compra do pr\u00e9dio para o Instituto Lula, doa\u00e7\u00f5es da Odebrecht ao PT, ao Instituto e a Lula, reuni\u00e3o com Dilma e Gabrielli sobre as sondas e a campanha de 2010, entre outros) s\u00e3o fatos absolutamente verdadeiros. S\u00e3o situa\u00e7\u00f5es que presenciei, acompanhei ou coordenei, normalmente junto ou a pedido do ex-Presidente Lula. Tenho certeza que, cedo ou tarde, o pr\u00f3prio Lula ir\u00e1 confirmar tudo isso, como chegou a fazer no &#8220;mensal\u00e3o&#8221;, quando, numa importante entrevista concedida na Fran\u00e7a, esclareceu que as elei\u00e7\u00f5es no Brasil eram todas realizadas sob a \u00e9gide do caixa dois, e que era assim com todos os partidos. Naquela oportunidade ele parou por a\u00ed, mas hoje sabemos que \u00e9 preciso avan\u00e7ar na abertura da caixa preta dos partidos e dos governos, para o bem do futuro do pa\u00eds.\u00a0<\/em><\/p>\n<p><em>6) Ressalto que minha principal motiva\u00e7\u00e3o nesse momento \u00e9 que toda a verdade seja dita, sobre todos os personagens envolvidos.\u00a0<\/em><\/p>\n<p><em>7) Sob o ponto de visa pol\u00edtico, estou bastante tranquilo em rela\u00e7\u00e3o a minha decis\u00e3o. Falar a verdade \u00e9 sempre o melhor caminho. E, neste caso, n\u00e3o posso deixar de registrar a evolu\u00e7\u00e3o e o ac\u00famulo de eventos de corrup\u00e7\u00e3o em nossos governos e, principalmente, a partir do segundo governo Lula.\u00a0<\/em><\/p>\n<p><em>Voc\u00eas sabem que procurei ajudar no projeto do PT e do presidente Lula em todos os momentos. Convivi com as dificuldades e os avan\u00e7os. Sabia o quanto seria dif\u00edcil passar por tantos desafios pol\u00edticos sem qualquer desvio \u00e9tico. Sei dos erros e ilegalidades que cometi e assumo minhas responsabilidades. Mas n\u00e3o posso deixar de destacar o choque de ter visto Lula sucumbir ao pior eda pol\u00edtica no melhor dos momentos de seu governo. Com o pleno emprego conquistado, com a aprova\u00e7\u00e3o do governo a n\u00edveis recordes, com o advento da riqueza (e da maldi\u00e7\u00e3o) do pr\u00e9-sal, com a Copa do Mundo, com as Olimp\u00edadas, &#8220;o cara&#8221;, nas palavras de Barack Obama, dissociou-se definitivamente do menino retirante para navegar no terreno pantanoso do sucesso sem cr\u00edtica, do &#8220;tudo pode&#8221;, do poder sem limites, onde a corrup\u00e7\u00e3o, os desvios, as disfun\u00e7\u00f5es que se acumulam s\u00e3o apenas detalhes, notas de rodap\u00e9 no cen\u00e1rio entorpecido dos petrod\u00f3lares que pagar\u00e3o a tudo e a todos.\u00a0<\/em><\/p>\n<p><em>Algu\u00e9m j\u00e1 disse que quando a luta pelo poder se sobrep\u00f5e \u00e0 luta pelas ideias, a corrup\u00e7\u00e3o prevalece. Nada importava, nem mesmo o erro de eleger e reeleger um novo governo, que redobrou as apostas erradas, destruindo, uma a uma, cada conquista social e cada um dos avanos econ\u00f4micos t\u00e3o custosamente alcan\u00e7ados, sobrando poucas boas lembran\u00e7as e desnudando toda uma rede de sustenta\u00e7\u00e3o corrupta e alheia aos interesses do cidad\u00e3o. N\u00f3s, que nascemos diferentes, que fizemos diferente, que sonhamos diferente, acabamos por legar ao pa\u00eds algo t\u00e3o igual ao pior dos costumes pol\u00edticos.\u00a0<\/em><\/p>\n<p><em>Um dia, Dilma e Gabrielli dir\u00e3o a perplexidade que tomou conta de n\u00f3s ap\u00f3s a fat\u00eddica reuni\u00e3o na biblioteca do Alvorada, onde Lula encomendou as sondas e as propinas, no mesmo tom, \u00a0sem cerim\u00f4nias, na cena mais chocante que presenciei do desmonte moral da mais expressiva lideran\u00e7a popular que o pa\u00eds construiu em toda a nossa hist\u00f3ria.\u00a0<\/em><\/p>\n<p><em>Enfim, \u00e9 por todas essas raz\u00f5es que n\u00e3o compreendo o processo aberto agora. Enquanto os fatos me eram imputados e eu me mantive calado n\u00e3o se cogitava a minha expuls\u00e3o. \u00a0Ao contr\u00e1rio, era enaltecido por um palavr\u00f3rio vazio. Agora que resolvo mudar minha linha de defesa e falar a verdade, me vejo diante de um tribunal inquisitorial dentro do pr\u00f3prio PT. Qual o crit\u00e9rio do partido? Processos em andamento? Condena\u00e7\u00f5es proferidas? Se \u00e9 este o crit\u00e9rio, o processo de expuls\u00e3o n\u00e3o deveria recair apenas contra mim.\u00a0<\/em><\/p>\n<p><em>At\u00e9 quando vamos fingir acreditar na autoproclama\u00e7\u00e3o do &#8220;homem mais honesto do pa\u00eds&#8221; enquanto os presentes, os s\u00edtios, os apartamentos e at\u00e9 o pr\u00e9dio do Instituto (!!) s\u00e3o atribu\u00eddos a Dona Marisa?<\/em><\/p>\n<p><em>Afinal, somos um partido pol\u00edtico sob a lideran\u00e7a de pessoas de carne e osso ou somos uma seita guiada por uma pretensa divindade?<\/em><\/p>\n<p><em>Chegou a hora da verdade para n\u00f3s. De minha parte, j\u00e1 virei essa p\u00e1gina. Ao chegar ao porto onde decidi chegar, queimei meus navios. N\u00e3o h\u00e1 volta. Depurar e rejuvenescer o partido, recriar a esperan\u00e7a de um exerc\u00edcio saud\u00e1vel da pol\u00edtica ser\u00e1 tarefa para nossos novos e jovens l\u00edderes. Minha gera\u00e7\u00e3o talvez tenha errado mais do que acertado. Ela est\u00e1 esgotada. E \u00e9 nossa obriga\u00e7\u00e3o abrir espa\u00e7o a novas lideran\u00e7as, reconhecendo nossas graves falhas e enfrentando a verdade. Sem isso, n\u00e3o haver\u00e1 renova\u00e7\u00e3o.\u00a0<\/em><br \/>\n<em> E tenho raz\u00f5es ainda maiores. Nas \u00faltimas d\u00e9cadas, sempre me decidi pelo PT, pela pol\u00edtica, e minha fam\u00edlia sempre aceitou, suportou e sofreu com isso. Agora decidi pela minha fam\u00edlia! E o fiz com a alma tranquila.\u00a0<\/em><\/p>\n<p><em>Desde que fundei o PT h\u00e1 36 anos, em Ribeir\u00e3o Preto com um grupo de amigos, na sede do Centro Acad\u00eamico da Faculdade de Medicina, entre 1980\/1981, dediquei-me totalmente ao partido, \u00e0 pol\u00edtica e a nossos governos.\u00a0<\/em><\/p>\n<p><em>Tive a honra e a felicidade de ser vereador e prefeito de minha cidade por duas vezes. Tive a honra de servir aos governos de Lula e Dilma. Enfrentei como Ministro da Fazenda uma das mais duras crises econ\u00f4micas de nossa hist\u00f3ria, mas a compet\u00eancia de meus assessores permitiu um \u00a0trabalho com fortes e duradouros resultados. Nunca supus que o governo tenha desandado com minha sa\u00edda em 2006. Na verdade, o caminho at\u00e9 a crise de 2008 foi, do ponto de vista do projeto de desenvolvimento, de grande sucesso. Mas, como o ovo da serpente, j\u00e1 se via, naqueles melhores anos, a pe\u00e7onha da corrup\u00e7\u00e3o se criando para depois tomar conta do cen\u00e1rio todo.\u00a0<\/em><\/p>\n<p><em>Coordenei v\u00e1rias campanhas eleitorais, em v\u00e1rios n\u00edveis e pude acompanhar de perto a evolu\u00e7\u00e3o de nosso poder e nossa deteriora\u00e7\u00e3o moral. Assumo todas as minhas responsabilidades quanto a isso, mas lamento dizer que, nos acertos e nos erros, nos trabalhos honrados e nos piores atos de ilicitudes, nunca estive sozinho.\u00a0<\/em><br \/>\n<em> Por isso concluo:\u00a0<\/em><\/p>\n<p><em>1) Continuo a apoiar a proposta de leni\u00eancia do PT.\u00a0<\/em><\/p>\n<p><em>2) Aos respeitar os prazos legais de sigilo quanto a \u00a0minha colabora\u00e7\u00e3o com a Justi\u00e7a, terei toda a disposi\u00e7\u00e3o para esclarecer e depor perante o partido sobre todos esses temas.\u00a0<\/em><\/p>\n<p><em>3) Com humildade, aceitarei qualquer penalidade aprovada. Mas ressalto que n\u00e3o posso faz\u00ea-lo neste momento e neste formato proposto pelo partido onde quem fala a verdade \u00e9 punido e os erros e ilegalidades s\u00e3o varridos para debaixo do tapete.\u00a0<\/em><\/p>\n<p><em>Por todas essas raz\u00f5es, \u00a0ofere\u00e7o a minha desfilia\u00e7\u00e3o, e o fa\u00e7o sem qualquer ressentimento ou rancores. Meu desligamento do partido fica ent\u00e3o \u00e0 vossa disposi\u00e7\u00e3o.\u00a0<\/em><\/p>\n<p><em>Sauda\u00e7\u00f5es cordiais,<\/em><\/p>\n<p><em>Antonio Palocci Filho<\/em><\/p>\n","protected":false},"excerpt":{"rendered":"<p>O ex-ministro Antonio Palocci enviou ao PT sua carta de desfilia\u00e7\u00e3o, ap\u00f3s procedimento que o suspendeu, n\u00e3o por ter cometido crimes, mas por dizer a verdade sobre a corrup\u00e7\u00e3o petista e de Lula. Na carta, Palocci revela sua desilus\u00e3o com o partido e com o ex-presidente. Leia a \u00edntegra da carta:\u00a0<\/p>\n","protected":false},"author":2,"featured_media":67957,"comment_status":"open","ping_status":"open","sticky":false,"template":"","format":"standard","meta":{"footnotes":"","_links_to":"","_links_to_target":""},"categories":[1],"tags":[],"class_list":["post-67956","post","type-post","status-publish","format-standard","has-post-thumbnail","hentry","category-geral"],"views":1571,"_links":{"self":[{"href":"https:\/\/www.sudoestehoje.com.br\/novoportal\/wp-json\/wp\/v2\/posts\/67956","targetHints":{"allow":["GET"]}}],"collection":[{"href":"https:\/\/www.sudoestehoje.com.br\/novoportal\/wp-json\/wp\/v2\/posts"}],"about":[{"href":"https:\/\/www.sudoestehoje.com.br\/novoportal\/wp-json\/wp\/v2\/types\/post"}],"author":[{"embeddable":true,"href":"https:\/\/www.sudoestehoje.com.br\/novoportal\/wp-json\/wp\/v2\/users\/2"}],"replies":[{"embeddable":true,"href":"https:\/\/www.sudoestehoje.com.br\/novoportal\/wp-json\/wp\/v2\/comments?post=67956"}],"version-history":[{"count":2,"href":"https:\/\/www.sudoestehoje.com.br\/novoportal\/wp-json\/wp\/v2\/posts\/67956\/revisions"}],"predecessor-version":[{"id":67959,"href":"https:\/\/www.sudoestehoje.com.br\/novoportal\/wp-json\/wp\/v2\/posts\/67956\/revisions\/67959"}],"wp:featuredmedia":[{"embeddable":true,"href":"https:\/\/www.sudoestehoje.com.br\/novoportal\/wp-json\/wp\/v2\/media\/67957"}],"wp:attachment":[{"href":"https:\/\/www.sudoestehoje.com.br\/novoportal\/wp-json\/wp\/v2\/media?parent=67956"}],"wp:term":[{"taxonomy":"category","embeddable":true,"href":"https:\/\/www.sudoestehoje.com.br\/novoportal\/wp-json\/wp\/v2\/categories?post=67956"},{"taxonomy":"post_tag","embeddable":true,"href":"https:\/\/www.sudoestehoje.com.br\/novoportal\/wp-json\/wp\/v2\/tags?post=67956"}],"curies":[{"name":"wp","href":"https:\/\/api.w.org\/{rel}","templated":true}]}}