
{"id":67951,"date":"2017-09-26T20:41:06","date_gmt":"2017-09-26T23:41:06","guid":{"rendered":"http:\/\/www.sudoestehoje.com.br\/novoportal\/?p=67951"},"modified":"2017-09-26T20:41:06","modified_gmt":"2017-09-26T23:41:06","slug":"brasilia-stf-afasta-aecio-do-senado-e-impoe-recolhimento-noturno","status":"publish","type":"post","link":"https:\/\/www.sudoestehoje.com.br\/novoportal\/2017\/09\/26\/brasilia-stf-afasta-aecio-do-senado-e-impoe-recolhimento-noturno\/","title":{"rendered":"BRASILIA: STF AFASTA A\u00c9CIO DO SENADO E IMP\u00d5E RECOLHIMENTO NOTURNO"},"content":{"rendered":"<p><a href=\"http:\/\/www.sudoestehoje.com.br\/novoportal\/wp-content\/uploads\/2017\/09\/AecionevesPSDB.jpg\"><img loading=\"lazy\" decoding=\"async\" class=\"aligncenter size-medium wp-image-67952\" src=\"http:\/\/www.sudoestehoje.com.br\/novoportal\/wp-content\/uploads\/2017\/09\/AecionevesPSDB-500x346.jpg\" alt=\"\" width=\"500\" height=\"346\" srcset=\"https:\/\/www.sudoestehoje.com.br\/novoportal\/wp-content\/uploads\/2017\/09\/AecionevesPSDB-500x346.jpg 500w, https:\/\/www.sudoestehoje.com.br\/novoportal\/wp-content\/uploads\/2017\/09\/AecionevesPSDB.jpg 507w\" sizes=\"auto, (max-width: 500px) 100vw, 500px\" \/><\/a><\/p>\n<p>Por tr\u00eas votos a dois, a Primeira Turma do Supremo Tribunal Federal (STF) determinou nesta ter\u00e7a-feira a suspens\u00e3o do mandato do senador A\u00e9cio Neves (PSDB-MG), bem como o recolhimento domiciliar noturno do parlamentar, a pedido da Procuradoria-Geral da Rep\u00fablica (PGR).<\/p>\n<p>A\u00e9cio tamb\u00e9m ficar\u00e1 proibido de manter contato com outros investigados e ter\u00e1 que entregar o passaporte \u00e0 Justi\u00e7a. Os ministros Lu\u00eds Roberto Barroso, Rosa Weber e Luiz Fux concordaram que o tucano usou o mandato para tentar atrapalhar as investiga\u00e7\u00f5es da Lava-Jato.<\/p>\n<p>Foi negado, no entanto, o pedido de pris\u00e3o feito pela PGR. Por unanimidade, os ministros ponderaram que a Constitui\u00e7\u00e3o Federal pro\u00edbe a pris\u00e3o de parlamentares em exerc\u00edcio, a n\u00e3o ser que tenha ocorrido flagrante delito de crime inafian\u00e7\u00e1vel. A PGR n\u00e3o teria comprovado essa condi\u00e7\u00e3o. \/\/G1<\/p>\n","protected":false},"excerpt":{"rendered":"<p>Por tr\u00eas votos a dois, a Primeira Turma do Supremo Tribunal Federal (STF) determinou nesta ter\u00e7a-feira a suspens\u00e3o do mandato do senador A\u00e9cio Neves (PSDB-MG), bem como o recolhimento domiciliar noturno do parlamentar, a pedido da Procuradoria-Geral da Rep\u00fablica (PGR). A\u00e9cio tamb\u00e9m ficar\u00e1 proibido de manter contato com outros investigados e ter\u00e1 que entregar o [&hellip;]<\/p>\n","protected":false},"author":2,"featured_media":67952,"comment_status":"open","ping_status":"open","sticky":false,"template":"","format":"standard","meta":{"footnotes":"","_links_to":"","_links_to_target":""},"categories":[1],"tags":[],"class_list":["post-67951","post","type-post","status-publish","format-standard","has-post-thumbnail","hentry","category-geral"],"views":1225,"_links":{"self":[{"href":"https:\/\/www.sudoestehoje.com.br\/novoportal\/wp-json\/wp\/v2\/posts\/67951","targetHints":{"allow":["GET"]}}],"collection":[{"href":"https:\/\/www.sudoestehoje.com.br\/novoportal\/wp-json\/wp\/v2\/posts"}],"about":[{"href":"https:\/\/www.sudoestehoje.com.br\/novoportal\/wp-json\/wp\/v2\/types\/post"}],"author":[{"embeddable":true,"href":"https:\/\/www.sudoestehoje.com.br\/novoportal\/wp-json\/wp\/v2\/users\/2"}],"replies":[{"embeddable":true,"href":"https:\/\/www.sudoestehoje.com.br\/novoportal\/wp-json\/wp\/v2\/comments?post=67951"}],"version-history":[{"count":3,"href":"https:\/\/www.sudoestehoje.com.br\/novoportal\/wp-json\/wp\/v2\/posts\/67951\/revisions"}],"predecessor-version":[{"id":67955,"href":"https:\/\/www.sudoestehoje.com.br\/novoportal\/wp-json\/wp\/v2\/posts\/67951\/revisions\/67955"}],"wp:featuredmedia":[{"embeddable":true,"href":"https:\/\/www.sudoestehoje.com.br\/novoportal\/wp-json\/wp\/v2\/media\/67952"}],"wp:attachment":[{"href":"https:\/\/www.sudoestehoje.com.br\/novoportal\/wp-json\/wp\/v2\/media?parent=67951"}],"wp:term":[{"taxonomy":"category","embeddable":true,"href":"https:\/\/www.sudoestehoje.com.br\/novoportal\/wp-json\/wp\/v2\/categories?post=67951"},{"taxonomy":"post_tag","embeddable":true,"href":"https:\/\/www.sudoestehoje.com.br\/novoportal\/wp-json\/wp\/v2\/tags?post=67951"}],"curies":[{"name":"wp","href":"https:\/\/api.w.org\/{rel}","templated":true}]}}