
{"id":67944,"date":"2017-09-26T11:33:36","date_gmt":"2017-09-26T14:33:36","guid":{"rendered":"http:\/\/www.sudoestehoje.com.br\/novoportal\/?p=67944"},"modified":"2017-09-26T11:33:36","modified_gmt":"2017-09-26T14:33:36","slug":"rodrigo-e-pedro-tavares-discutem-com-fbf-a-volta-de-itapetinga-ao-futebol-profissional","status":"publish","type":"post","link":"https:\/\/www.sudoestehoje.com.br\/novoportal\/2017\/09\/26\/rodrigo-e-pedro-tavares-discutem-com-fbf-a-volta-de-itapetinga-ao-futebol-profissional\/","title":{"rendered":"RODRIGO E PEDRO TAVARES DISCUTEM COM FBF A VOLTA DE ITAPETINGA AO FUTEBOL PROFISSIONAL"},"content":{"rendered":"<p><a href=\"http:\/\/www.sudoestehoje.com.br\/novoportal\/wp-content\/uploads\/2017\/09\/FBF.jpg\"><img loading=\"lazy\" decoding=\"async\" class=\"aligncenter size-medium wp-image-67947\" src=\"http:\/\/www.sudoestehoje.com.br\/novoportal\/wp-content\/uploads\/2017\/09\/FBF-500x375.jpg\" alt=\"\" width=\"500\" height=\"375\" srcset=\"https:\/\/www.sudoestehoje.com.br\/novoportal\/wp-content\/uploads\/2017\/09\/FBF-500x375.jpg 500w, https:\/\/www.sudoestehoje.com.br\/novoportal\/wp-content\/uploads\/2017\/09\/FBF-768x576.jpg 768w, https:\/\/www.sudoestehoje.com.br\/novoportal\/wp-content\/uploads\/2017\/09\/FBF-700x525.jpg 700w, https:\/\/www.sudoestehoje.com.br\/novoportal\/wp-content\/uploads\/2017\/09\/FBF.jpg 800w\" sizes=\"auto, (max-width: 500px) 100vw, 500px\" \/><\/a><\/p>\n<p>Ap\u00f3s anos longe do futebol profissional, Itapetinga quer voltar a ter um clube nas competi\u00e7\u00f5es oficiais do estado. Uma reuni\u00e3o na sede da Federa\u00e7\u00e3o Bahiana de Futebol (FBF), nesta segunda-feira (25) discutiu o retorno da cidade ao cen\u00e1rio do futebol baiano.<\/p>\n<p>O presidente da entidade, Ednaldo Rodrigues e o vice-presidente, Ricardo de Lima receberam o prefeito de Itapetinga, Rodrigo Hagge, o deputado estadual Pedro Tavares.<\/p>\n<p>No local, o prefeito revelou aos dirigentes seu desejo de reativar o Sport Club Itapetinga. Na oportunidade, tratativas foram iniciadas para que o clube, que foi campe\u00e3o da \u00fanica edi\u00e7\u00e3o da 3\u00aa Divis\u00e3o do Campeonato Baiano, realizada no ano 2000, j\u00e1 participe da S\u00e9rie B do Baian\u00e3o 2018. \/\/<em>Ascom FBF<\/em><\/p>\n","protected":false},"excerpt":{"rendered":"<p>Ap\u00f3s anos longe do futebol profissional, Itapetinga quer voltar a ter um clube nas competi\u00e7\u00f5es oficiais do estado. Uma reuni\u00e3o na sede da Federa\u00e7\u00e3o Bahiana de Futebol (FBF), nesta segunda-feira (25) discutiu o retorno da cidade ao cen\u00e1rio do futebol baiano. O presidente da entidade, Ednaldo Rodrigues e o vice-presidente, Ricardo de Lima receberam o [&hellip;]<\/p>\n","protected":false},"author":2,"featured_media":67947,"comment_status":"open","ping_status":"open","sticky":false,"template":"","format":"standard","meta":{"footnotes":"","_links_to":"","_links_to_target":""},"categories":[1],"tags":[],"class_list":["post-67944","post","type-post","status-publish","format-standard","has-post-thumbnail","hentry","category-geral"],"views":1372,"_links":{"self":[{"href":"https:\/\/www.sudoestehoje.com.br\/novoportal\/wp-json\/wp\/v2\/posts\/67944","targetHints":{"allow":["GET"]}}],"collection":[{"href":"https:\/\/www.sudoestehoje.com.br\/novoportal\/wp-json\/wp\/v2\/posts"}],"about":[{"href":"https:\/\/www.sudoestehoje.com.br\/novoportal\/wp-json\/wp\/v2\/types\/post"}],"author":[{"embeddable":true,"href":"https:\/\/www.sudoestehoje.com.br\/novoportal\/wp-json\/wp\/v2\/users\/2"}],"replies":[{"embeddable":true,"href":"https:\/\/www.sudoestehoje.com.br\/novoportal\/wp-json\/wp\/v2\/comments?post=67944"}],"version-history":[{"count":4,"href":"https:\/\/www.sudoestehoje.com.br\/novoportal\/wp-json\/wp\/v2\/posts\/67944\/revisions"}],"predecessor-version":[{"id":67950,"href":"https:\/\/www.sudoestehoje.com.br\/novoportal\/wp-json\/wp\/v2\/posts\/67944\/revisions\/67950"}],"wp:featuredmedia":[{"embeddable":true,"href":"https:\/\/www.sudoestehoje.com.br\/novoportal\/wp-json\/wp\/v2\/media\/67947"}],"wp:attachment":[{"href":"https:\/\/www.sudoestehoje.com.br\/novoportal\/wp-json\/wp\/v2\/media?parent=67944"}],"wp:term":[{"taxonomy":"category","embeddable":true,"href":"https:\/\/www.sudoestehoje.com.br\/novoportal\/wp-json\/wp\/v2\/categories?post=67944"},{"taxonomy":"post_tag","embeddable":true,"href":"https:\/\/www.sudoestehoje.com.br\/novoportal\/wp-json\/wp\/v2\/tags?post=67944"}],"curies":[{"name":"wp","href":"https:\/\/api.w.org\/{rel}","templated":true}]}}