
{"id":67930,"date":"2017-09-25T09:05:53","date_gmt":"2017-09-25T12:05:53","guid":{"rendered":"http:\/\/www.sudoestehoje.com.br\/novoportal\/?p=67930"},"modified":"2017-09-25T19:57:58","modified_gmt":"2017-09-25T22:57:58","slug":"justica-eleitoral-julga-improcedente-acao-movida-pelo-psdb-contra-eleicao-de-rodrigo","status":"publish","type":"post","link":"https:\/\/www.sudoestehoje.com.br\/novoportal\/2017\/09\/25\/justica-eleitoral-julga-improcedente-acao-movida-pelo-psdb-contra-eleicao-de-rodrigo\/","title":{"rendered":"JUSTI\u00c7A ELEITORAL JULGA IMPROCEDENTE A\u00c7\u00c3O MOVIDA PELO PSDB CONTRA ELEI\u00c7\u00c3O DE RODRIGO"},"content":{"rendered":"<div id=\"attachment_67932\" style=\"width: 511px\" class=\"wp-caption aligncenter\"><a href=\"http:\/\/www.sudoestehoje.com.br\/novoportal\/wp-content\/uploads\/2017\/09\/RODRIGO-E-ADRIANO.jpg\"><img loading=\"lazy\" decoding=\"async\" aria-describedby=\"caption-attachment-67932\" class=\" wp-image-67932\" src=\"http:\/\/www.sudoestehoje.com.br\/novoportal\/wp-content\/uploads\/2017\/09\/RODRIGO-E-ADRIANO.jpg\" alt=\"\" width=\"501\" height=\"394\" \/><\/a><p id=\"caption-attachment-67932\" class=\"wp-caption-text\"><strong><em>A\u00c7\u00c3O JUDICIAL MOVIDA POR ADRIANO CONTRA RODRIGO NA JUSTI\u00c7A ELEITORAL N\u00c3O PROSPEROU POR FALTA DE PROVAS<\/em><\/strong><\/p><\/div>\n<p>Durante a campanha eleitoral do ano passado, a coliga\u00e7\u00e3o &#8216;Um Novo Tempo&#8217;, encabe\u00e7ada pelo candidato Adriano Alc\u00e2ntara (PSDB), ingressou na justi\u00e7a com uma A\u00e7\u00e3o de Investiga\u00e7\u00e3o Eleitoral contra os candidatos Rodrigo Hagge (PMDB) e Renan Pereira (DEM), sob a alega\u00e7\u00e3o de que eles haviam ordenado <em>&#8220;confec\u00e7\u00e3o de camisas padronizadas na cor amarela para serem utilizadas pelos seus eleitores e militantes, em com\u00edcios e caminhadas&#8221;<\/em>, conduta vedada pela legisla\u00e7\u00e3o eleitoral.<\/p>\n<p>O processo eleitoral foi instaurado pelo Juiz Eleitoral de Itapetinga, que durante o seu curso analisou as supostas &#8216;provas&#8217; acostadas pelos autores, mas n\u00e3o ouviu as testemunhas arroladas, vez que estas sequer compareceram \u00e0 Audi\u00eancia de Instru\u00e7\u00e3o. Ouvida em audi\u00eancia, a costureira apontada como respons\u00e1vel pela confec\u00e7\u00e3o das camisetas negou qualquer responsabilidade dos candidatos Rodrigo e Renan, afirmando que confeccionou camisetas de todas as cores partid\u00e1rias, por conta pr\u00f3pria, para vender diretamente aos eleitores<\/p>\n<p>Reconhecendo n\u00e3o haver provas da participa\u00e7\u00e3o dos candidatos Rodrigo Hagge e Renan Pereira no suposto il\u00edcito apontado por seus advers\u00e1rios, o juiz eleitoral Dr. Luiz S\u00e9rgio dos Santos Vieira acompanhou o parecer do Minist\u00e9rio P\u00fablico e julgou IMPROCEDENTE a a\u00e7\u00e3o, isentando-os de qualquer responsabilidade no citado caso. CONFIRA DECIS\u00c3O ABAIXO &gt;&gt;&gt;&gt;&gt;<\/p>\n<p><a href=\"http:\/\/www.sudoestehoje.com.br\/novoportal\/wp-content\/uploads\/2017\/09\/2017092508442820917254.pdf\">DECIS\u00c3O<\/a><\/p>\n","protected":false},"excerpt":{"rendered":"<p>Durante a campanha eleitoral do ano passado, a coliga\u00e7\u00e3o &#8216;Um Novo Tempo&#8217;, encabe\u00e7ada pelo candidato Adriano Alc\u00e2ntara (PSDB), ingressou na justi\u00e7a com uma A\u00e7\u00e3o de Investiga\u00e7\u00e3o Eleitoral contra os candidatos Rodrigo Hagge (PMDB) e Renan Pereira (DEM), sob a alega\u00e7\u00e3o de que eles haviam ordenado &#8220;confec\u00e7\u00e3o de camisas padronizadas na cor amarela para serem utilizadas [&hellip;]<\/p>\n","protected":false},"author":2,"featured_media":67932,"comment_status":"open","ping_status":"open","sticky":false,"template":"","format":"standard","meta":{"footnotes":"","_links_to":"","_links_to_target":""},"categories":[1],"tags":[],"class_list":["post-67930","post","type-post","status-publish","format-standard","has-post-thumbnail","hentry","category-geral"],"views":1986,"_links":{"self":[{"href":"https:\/\/www.sudoestehoje.com.br\/novoportal\/wp-json\/wp\/v2\/posts\/67930","targetHints":{"allow":["GET"]}}],"collection":[{"href":"https:\/\/www.sudoestehoje.com.br\/novoportal\/wp-json\/wp\/v2\/posts"}],"about":[{"href":"https:\/\/www.sudoestehoje.com.br\/novoportal\/wp-json\/wp\/v2\/types\/post"}],"author":[{"embeddable":true,"href":"https:\/\/www.sudoestehoje.com.br\/novoportal\/wp-json\/wp\/v2\/users\/2"}],"replies":[{"embeddable":true,"href":"https:\/\/www.sudoestehoje.com.br\/novoportal\/wp-json\/wp\/v2\/comments?post=67930"}],"version-history":[{"count":2,"href":"https:\/\/www.sudoestehoje.com.br\/novoportal\/wp-json\/wp\/v2\/posts\/67930\/revisions"}],"predecessor-version":[{"id":67934,"href":"https:\/\/www.sudoestehoje.com.br\/novoportal\/wp-json\/wp\/v2\/posts\/67930\/revisions\/67934"}],"wp:featuredmedia":[{"embeddable":true,"href":"https:\/\/www.sudoestehoje.com.br\/novoportal\/wp-json\/wp\/v2\/media\/67932"}],"wp:attachment":[{"href":"https:\/\/www.sudoestehoje.com.br\/novoportal\/wp-json\/wp\/v2\/media?parent=67930"}],"wp:term":[{"taxonomy":"category","embeddable":true,"href":"https:\/\/www.sudoestehoje.com.br\/novoportal\/wp-json\/wp\/v2\/categories?post=67930"},{"taxonomy":"post_tag","embeddable":true,"href":"https:\/\/www.sudoestehoje.com.br\/novoportal\/wp-json\/wp\/v2\/tags?post=67930"}],"curies":[{"name":"wp","href":"https:\/\/api.w.org\/{rel}","templated":true}]}}