
{"id":67913,"date":"2017-09-24T19:12:54","date_gmt":"2017-09-24T22:12:54","guid":{"rendered":"http:\/\/www.sudoestehoje.com.br\/novoportal\/?p=67913"},"modified":"2017-09-24T19:12:54","modified_gmt":"2017-09-24T22:12:54","slug":"itapetinga-comutran-recebera-duas-novas-motos-para-fiscalizacao-do-transito","status":"publish","type":"post","link":"https:\/\/www.sudoestehoje.com.br\/novoportal\/2017\/09\/24\/itapetinga-comutran-recebera-duas-novas-motos-para-fiscalizacao-do-transito\/","title":{"rendered":"ITAPETINGA: COMUTRAN RECEBER\u00c1 DUAS NOVAS MOTOS PARA FISCALIZA\u00c7\u00c3O DO TR\u00c2NSITO"},"content":{"rendered":"<div id=\"attachment_67915\" style=\"width: 510px\" class=\"wp-caption aligncenter\"><a href=\"http:\/\/www.sudoestehoje.com.br\/novoportal\/wp-content\/uploads\/2017\/09\/motos-comutran.jpg\"><img loading=\"lazy\" decoding=\"async\" aria-describedby=\"caption-attachment-67915\" class=\"size-medium wp-image-67915\" src=\"http:\/\/www.sudoestehoje.com.br\/novoportal\/wp-content\/uploads\/2017\/09\/motos-comutran-500x281.jpg\" alt=\"\" width=\"500\" height=\"281\" srcset=\"https:\/\/www.sudoestehoje.com.br\/novoportal\/wp-content\/uploads\/2017\/09\/motos-comutran-500x281.jpg 500w, https:\/\/www.sudoestehoje.com.br\/novoportal\/wp-content\/uploads\/2017\/09\/motos-comutran.jpg 700w\" sizes=\"auto, (max-width: 500px) 100vw, 500px\" \/><\/a><p id=\"caption-attachment-67915\" class=\"wp-caption-text\"><strong><em>FOTO ILUSTRATIVA<\/em><\/strong><\/p><\/div>\n<p>De acordo com publica\u00e7\u00e3o no Di\u00e1rio Oficial Eletr\u00f4nico do Munic\u00edpio, a prefeitura de Itapetinga acaba de adquirir, atrav\u00e9s de preg\u00e3o presencial, duas novas motocicletas para atender \u00e0s necessidades da Coordenadoria Municipal de Tr\u00e2nsito &#8211; Comutran, na fiscaliza\u00e7\u00e3o do tr\u00e2nsito.<\/p>\n<p>De acordo com fonte ligada \u00e0 administra\u00e7\u00e3o municipal, a Comutran dever\u00e1 ser reequipada gradativamente, com ve\u00edculos pr\u00f3prios, depois de um longo per\u00edodo de sucateamento da sua frota, formada quase que exclusivamente por ve\u00edculos locados.<\/p>\n<p>As duas motos foram adquiridas junto \u00e0 Realeza Motos, concession\u00e1ria Honda na regi\u00e3o, com recursos pr\u00f3prios do munic\u00edpio.<\/p>\n<p><strong><em>Por Davi Ferraz<\/em><\/strong><\/p>\n","protected":false},"excerpt":{"rendered":"<p>De acordo com publica\u00e7\u00e3o no Di\u00e1rio Oficial Eletr\u00f4nico do Munic\u00edpio, a prefeitura de Itapetinga acaba de adquirir, atrav\u00e9s de preg\u00e3o presencial, duas novas motocicletas para atender \u00e0s necessidades da Coordenadoria Municipal de Tr\u00e2nsito &#8211; Comutran, na fiscaliza\u00e7\u00e3o do tr\u00e2nsito. De acordo com fonte ligada \u00e0 administra\u00e7\u00e3o municipal, a Comutran dever\u00e1 ser reequipada gradativamente, com ve\u00edculos [&hellip;]<\/p>\n","protected":false},"author":2,"featured_media":67915,"comment_status":"open","ping_status":"open","sticky":false,"template":"","format":"standard","meta":{"footnotes":"","_links_to":"","_links_to_target":""},"categories":[1],"tags":[],"class_list":["post-67913","post","type-post","status-publish","format-standard","has-post-thumbnail","hentry","category-geral"],"views":2197,"_links":{"self":[{"href":"https:\/\/www.sudoestehoje.com.br\/novoportal\/wp-json\/wp\/v2\/posts\/67913","targetHints":{"allow":["GET"]}}],"collection":[{"href":"https:\/\/www.sudoestehoje.com.br\/novoportal\/wp-json\/wp\/v2\/posts"}],"about":[{"href":"https:\/\/www.sudoestehoje.com.br\/novoportal\/wp-json\/wp\/v2\/types\/post"}],"author":[{"embeddable":true,"href":"https:\/\/www.sudoestehoje.com.br\/novoportal\/wp-json\/wp\/v2\/users\/2"}],"replies":[{"embeddable":true,"href":"https:\/\/www.sudoestehoje.com.br\/novoportal\/wp-json\/wp\/v2\/comments?post=67913"}],"version-history":[{"count":3,"href":"https:\/\/www.sudoestehoje.com.br\/novoportal\/wp-json\/wp\/v2\/posts\/67913\/revisions"}],"predecessor-version":[{"id":67917,"href":"https:\/\/www.sudoestehoje.com.br\/novoportal\/wp-json\/wp\/v2\/posts\/67913\/revisions\/67917"}],"wp:featuredmedia":[{"embeddable":true,"href":"https:\/\/www.sudoestehoje.com.br\/novoportal\/wp-json\/wp\/v2\/media\/67915"}],"wp:attachment":[{"href":"https:\/\/www.sudoestehoje.com.br\/novoportal\/wp-json\/wp\/v2\/media?parent=67913"}],"wp:term":[{"taxonomy":"category","embeddable":true,"href":"https:\/\/www.sudoestehoje.com.br\/novoportal\/wp-json\/wp\/v2\/categories?post=67913"},{"taxonomy":"post_tag","embeddable":true,"href":"https:\/\/www.sudoestehoje.com.br\/novoportal\/wp-json\/wp\/v2\/tags?post=67913"}],"curies":[{"name":"wp","href":"https:\/\/api.w.org\/{rel}","templated":true}]}}