
{"id":67905,"date":"2017-09-23T15:54:01","date_gmt":"2017-09-23T18:54:01","guid":{"rendered":"http:\/\/www.sudoestehoje.com.br\/novoportal\/?p=67905"},"modified":"2017-09-23T18:15:50","modified_gmt":"2017-09-23T21:15:50","slug":"fazenda-de-geddel-e-lucio-e-invadida-por-supostos-indios-mst-e-mlt","status":"publish","type":"post","link":"https:\/\/www.sudoestehoje.com.br\/novoportal\/2017\/09\/23\/fazenda-de-geddel-e-lucio-e-invadida-por-supostos-indios-mst-e-mlt\/","title":{"rendered":"FAZENDA DE GEDDEL E L\u00daCIO \u00c9 INVADIDA POR SUPOSTOS \u00cdNDIOS, MST E MLT"},"content":{"rendered":"<div class=\"mc-column content-text active-extra-styles active-capital-letter\" data-block-type=\"unstyled\" data-block-weight=\"39\">\n<p class=\"content-text__container theme-color-primary-first-letter\" data-track-category=\"Link no Texto\" data-track-links=\"\"><a href=\"http:\/\/www.sudoestehoje.com.br\/novoportal\/wp-content\/uploads\/2017\/09\/fazenda-Geddel.jpg\"><img loading=\"lazy\" decoding=\"async\" class=\"aligncenter size-medium wp-image-67906\" src=\"http:\/\/www.sudoestehoje.com.br\/novoportal\/wp-content\/uploads\/2017\/09\/fazenda-Geddel-500x430.jpg\" alt=\"\" width=\"500\" height=\"430\" srcset=\"https:\/\/www.sudoestehoje.com.br\/novoportal\/wp-content\/uploads\/2017\/09\/fazenda-Geddel-500x430.jpg 500w, https:\/\/www.sudoestehoje.com.br\/novoportal\/wp-content\/uploads\/2017\/09\/fazenda-Geddel.jpg 640w\" sizes=\"auto, (max-width: 500px) 100vw, 500px\" \/><\/a><\/p>\n<p class=\"content-text__container theme-color-primary-first-letter\" data-track-category=\"Link no Texto\" data-track-links=\"\">Uma fazenda que segundo a pol\u00edcia pertence ao ex-ministro do governo Temer Geddel Vieira Lima e ao irm\u00e3o dele, o deputado federal L\u00facio Vieira Lima, foi invadida na madrugada deste s\u00e1bado (23), no munic\u00edpio de Potiragu\u00e1, Sudoeste da Bahia.<\/p>\n<\/div>\n<div class=\"mc-column content-text active-extra-styles \" data-block-type=\"unstyled\" data-block-weight=\"48\">\n<p class=\"content-text__container \" data-track-category=\"Link no Texto\" data-track-links=\"\">De acordo com o delegado Ant\u00f4nio Roberto Gomes J\u00fanior, coordenador da Pol\u00edcia Civil em Itapetinga, cerca de 25 homens que dizem ser \u00edndios, armados com espingardas e outras armas longas, invadiram a Fazenda Esmeralda por volta das 2h da manh\u00e3. &#8220;Eles fizeram os funcion\u00e1rios ref\u00e9ns durante toda a madrugada e, no \u00ednicio da manh\u00e3, libertou todo mundo&#8221;, afirmou o coordenador, acrescentando que ningu\u00e9m ficou ferido na a\u00e7\u00e3o.<\/p>\n<\/div>\n<div class=\"mc-column content-text active-extra-styles \" data-block-type=\"unstyled\" data-block-weight=\"44\">\n<p class=\"content-text__container \" data-track-category=\"Link no Texto\" data-track-links=\"\">Ainda segundo Ant\u00f4nio Roberto J\u00fanior, outras pessoas que seriam do Movimento dos Trabalhadores Rurais Sem terra (MST) e do Movimento de Luta Pela Terra (MLT) tramb\u00e9m invadiram a fazenda. O coordenador de Itapetinga informou que um inqu\u00e9rito foi instaurado para apurar o caso, e que se for comprovado que os invasores s\u00e3o realmente \u00edndios, o caso passar\u00e1 para a Pol\u00edcia Federal.<\/p>\n<\/div>\n<div class=\"mc-column content-text active-extra-styles \" data-block-type=\"unstyled\" data-block-weight=\"30\">\n<p class=\"content-text__container \" data-track-category=\"Link no Texto\" data-track-links=\"\">A reportagem entrou em contato com a defasa de Geddel, que ficou de averiguar o caso. O blog tentou falar com o deputado L\u00facio Vieira Lima, mas n\u00e3o conseguiu contato.<\/p>\n<\/div>\n","protected":false},"excerpt":{"rendered":"<p>Uma fazenda que segundo a pol\u00edcia pertence ao ex-ministro do governo Temer Geddel Vieira Lima e ao irm\u00e3o dele, o deputado federal L\u00facio Vieira Lima, foi invadida na madrugada deste s\u00e1bado (23), no munic\u00edpio de Potiragu\u00e1, Sudoeste da Bahia. De acordo com o delegado Ant\u00f4nio Roberto Gomes J\u00fanior, coordenador da Pol\u00edcia Civil em Itapetinga, cerca [&hellip;]<\/p>\n","protected":false},"author":2,"featured_media":67906,"comment_status":"open","ping_status":"open","sticky":false,"template":"","format":"standard","meta":{"footnotes":"","_links_to":"","_links_to_target":""},"categories":[1],"tags":[],"class_list":["post-67905","post","type-post","status-publish","format-standard","has-post-thumbnail","hentry","category-geral"],"views":1963,"_links":{"self":[{"href":"https:\/\/www.sudoestehoje.com.br\/novoportal\/wp-json\/wp\/v2\/posts\/67905","targetHints":{"allow":["GET"]}}],"collection":[{"href":"https:\/\/www.sudoestehoje.com.br\/novoportal\/wp-json\/wp\/v2\/posts"}],"about":[{"href":"https:\/\/www.sudoestehoje.com.br\/novoportal\/wp-json\/wp\/v2\/types\/post"}],"author":[{"embeddable":true,"href":"https:\/\/www.sudoestehoje.com.br\/novoportal\/wp-json\/wp\/v2\/users\/2"}],"replies":[{"embeddable":true,"href":"https:\/\/www.sudoestehoje.com.br\/novoportal\/wp-json\/wp\/v2\/comments?post=67905"}],"version-history":[{"count":2,"href":"https:\/\/www.sudoestehoje.com.br\/novoportal\/wp-json\/wp\/v2\/posts\/67905\/revisions"}],"predecessor-version":[{"id":67908,"href":"https:\/\/www.sudoestehoje.com.br\/novoportal\/wp-json\/wp\/v2\/posts\/67905\/revisions\/67908"}],"wp:featuredmedia":[{"embeddable":true,"href":"https:\/\/www.sudoestehoje.com.br\/novoportal\/wp-json\/wp\/v2\/media\/67906"}],"wp:attachment":[{"href":"https:\/\/www.sudoestehoje.com.br\/novoportal\/wp-json\/wp\/v2\/media?parent=67905"}],"wp:term":[{"taxonomy":"category","embeddable":true,"href":"https:\/\/www.sudoestehoje.com.br\/novoportal\/wp-json\/wp\/v2\/categories?post=67905"},{"taxonomy":"post_tag","embeddable":true,"href":"https:\/\/www.sudoestehoje.com.br\/novoportal\/wp-json\/wp\/v2\/tags?post=67905"}],"curies":[{"name":"wp","href":"https:\/\/api.w.org\/{rel}","templated":true}]}}