
{"id":67893,"date":"2017-09-21T17:37:55","date_gmt":"2017-09-21T20:37:55","guid":{"rendered":"http:\/\/www.sudoestehoje.com.br\/novoportal\/?p=67893"},"modified":"2017-09-21T17:37:55","modified_gmt":"2017-09-21T20:37:55","slug":"stf-decide-enviar-nova-denuncia-sobre-temer-para-apreciacao-da-camara","status":"publish","type":"post","link":"https:\/\/www.sudoestehoje.com.br\/novoportal\/2017\/09\/21\/stf-decide-enviar-nova-denuncia-sobre-temer-para-apreciacao-da-camara\/","title":{"rendered":"STF DECIDE ENVIAR NOVA DEN\u00daNCIA SOBRE TEMER PARA APRECIA\u00c7\u00c3O DA C\u00c2MARA"},"content":{"rendered":"<p><a href=\"http:\/\/www.sudoestehoje.com.br\/novoportal\/wp-content\/uploads\/2017\/09\/TEMER.jpg\"><img loading=\"lazy\" decoding=\"async\" class=\"aligncenter size-medium wp-image-67895\" src=\"http:\/\/www.sudoestehoje.com.br\/novoportal\/wp-content\/uploads\/2017\/09\/TEMER-500x314.jpg\" alt=\"\" width=\"500\" height=\"314\" srcset=\"https:\/\/www.sudoestehoje.com.br\/novoportal\/wp-content\/uploads\/2017\/09\/TEMER-500x314.jpg 500w, https:\/\/www.sudoestehoje.com.br\/novoportal\/wp-content\/uploads\/2017\/09\/TEMER.jpg 625w\" sizes=\"auto, (max-width: 500px) 100vw, 500px\" \/><\/a><\/p>\n<p id=\"yui_3_18_0_3_1506025551432_1809\">Ap\u00f3s dois dias de julgamento, por 10 votos a 1, o Supremo Tribunal Federal (STF) decidiu hoje (21) pelo envio imediato \u00e0 C\u00e2mara dos Deputados da segunda den\u00fancia apresentada pelo ex-procurador-geral da Rep\u00fablica (PGR) Rodrigo Janot contra o presidente Michel Temer. A partir de agora, caber\u00e1 \u00e0 Casa decidir sobre\u00a0<a href=\"http:\/\/agenciabrasil.ebc.com.br\/politica\/noticia\/2017-09\/janot-apresenta-denuncia-temer-por-organizacao-criminosa-e-obstrucao-de\" target=\"_blank\" rel=\"noopener noreferrer\" data-ylk=\"itc:0;elm:context_link;\" data-rapid_p=\"9\">autoriza\u00e7\u00e3o pr\u00e9via<\/a>\u00a0para que a Corte julgue o caso, conforme determina \u00e0 Constitui\u00e7\u00e3o.<\/p>\n<p>O entendimento do Supremo contraria pedido feito pela defesa de Temer, que pretendia suspender o envio da den\u00fancia para esperar o t\u00e9rmino do procedimento investigat\u00f3rio, iniciado pela PGR, para apurar ilegalidades no acordo de dela\u00e7\u00e3o da JBS, al\u00e9m da avalia\u00e7\u00e3o de que as acusa\u00e7\u00f5es se referem a um per\u00edodo em que o presidente n\u00e3o estava no cargo, fato que poderia suspender o envio.<\/p>\n<p id=\"yui_3_18_0_3_1506025551432_1797\">Os ministros seguiram entendimento do relator do caso, ministro Edson Fachin. Na sess\u00e3o de ontem (20), foi formada maioria de votos no sentido de que cabe ao Supremo encaminhar a den\u00fancia sobre o presidente diretamente \u00e0 C\u00e2mara dos Deputados, sem fazer nenhum ju\u00edzo sobre as acusa\u00e7\u00f5es antes da delibera\u00e7\u00e3o da Casa sobre o prosseguimento do processo no Judici\u00e1rio.<\/p>\n","protected":false},"excerpt":{"rendered":"<p>Ap\u00f3s dois dias de julgamento, por 10 votos a 1, o Supremo Tribunal Federal (STF) decidiu hoje (21) pelo envio imediato \u00e0 C\u00e2mara dos Deputados da segunda den\u00fancia apresentada pelo ex-procurador-geral da Rep\u00fablica (PGR) Rodrigo Janot contra o presidente Michel Temer. A partir de agora, caber\u00e1 \u00e0 Casa decidir sobre\u00a0autoriza\u00e7\u00e3o pr\u00e9via\u00a0para que a Corte julgue [&hellip;]<\/p>\n","protected":false},"author":2,"featured_media":67895,"comment_status":"open","ping_status":"open","sticky":false,"template":"","format":"standard","meta":{"footnotes":"","_links_to":"","_links_to_target":""},"categories":[1],"tags":[],"class_list":["post-67893","post","type-post","status-publish","format-standard","has-post-thumbnail","hentry","category-geral"],"views":1058,"_links":{"self":[{"href":"https:\/\/www.sudoestehoje.com.br\/novoportal\/wp-json\/wp\/v2\/posts\/67893","targetHints":{"allow":["GET"]}}],"collection":[{"href":"https:\/\/www.sudoestehoje.com.br\/novoportal\/wp-json\/wp\/v2\/posts"}],"about":[{"href":"https:\/\/www.sudoestehoje.com.br\/novoportal\/wp-json\/wp\/v2\/types\/post"}],"author":[{"embeddable":true,"href":"https:\/\/www.sudoestehoje.com.br\/novoportal\/wp-json\/wp\/v2\/users\/2"}],"replies":[{"embeddable":true,"href":"https:\/\/www.sudoestehoje.com.br\/novoportal\/wp-json\/wp\/v2\/comments?post=67893"}],"version-history":[{"count":2,"href":"https:\/\/www.sudoestehoje.com.br\/novoportal\/wp-json\/wp\/v2\/posts\/67893\/revisions"}],"predecessor-version":[{"id":67897,"href":"https:\/\/www.sudoestehoje.com.br\/novoportal\/wp-json\/wp\/v2\/posts\/67893\/revisions\/67897"}],"wp:featuredmedia":[{"embeddable":true,"href":"https:\/\/www.sudoestehoje.com.br\/novoportal\/wp-json\/wp\/v2\/media\/67895"}],"wp:attachment":[{"href":"https:\/\/www.sudoestehoje.com.br\/novoportal\/wp-json\/wp\/v2\/media?parent=67893"}],"wp:term":[{"taxonomy":"category","embeddable":true,"href":"https:\/\/www.sudoestehoje.com.br\/novoportal\/wp-json\/wp\/v2\/categories?post=67893"},{"taxonomy":"post_tag","embeddable":true,"href":"https:\/\/www.sudoestehoje.com.br\/novoportal\/wp-json\/wp\/v2\/tags?post=67893"}],"curies":[{"name":"wp","href":"https:\/\/api.w.org\/{rel}","templated":true}]}}