
{"id":67880,"date":"2017-09-20T21:30:24","date_gmt":"2017-09-21T00:30:24","guid":{"rendered":"http:\/\/www.sudoestehoje.com.br\/novoportal\/?p=67880"},"modified":"2017-09-20T21:30:24","modified_gmt":"2017-09-21T00:30:24","slug":"democratas-trocara-nome-para-mude","status":"publish","type":"post","link":"https:\/\/www.sudoestehoje.com.br\/novoportal\/2017\/09\/20\/democratas-trocara-nome-para-mude\/","title":{"rendered":"DEMOCRATAS TROCAR\u00c1 NOME PARA &#8220;MUDE&#8221;"},"content":{"rendered":"<p><a href=\"http:\/\/www.sudoestehoje.com.br\/novoportal\/wp-content\/uploads\/2017\/09\/DEM.jpg\"><img loading=\"lazy\" decoding=\"async\" class=\"aligncenter size-medium wp-image-67882\" src=\"http:\/\/www.sudoestehoje.com.br\/novoportal\/wp-content\/uploads\/2017\/09\/DEM-500x350.jpg\" alt=\"\" width=\"500\" height=\"350\" srcset=\"https:\/\/www.sudoestehoje.com.br\/novoportal\/wp-content\/uploads\/2017\/09\/DEM-500x350.jpg 500w, https:\/\/www.sudoestehoje.com.br\/novoportal\/wp-content\/uploads\/2017\/09\/DEM.jpg 600w\" sizes=\"auto, (max-width: 500px) 100vw, 500px\" \/><\/a><\/p>\n<p>Ap\u00f3s consultas feitas pelo DEM, o partido dever\u00e1 adotar o nome \u201cMude\u201d, Movimento de Unidade Democr\u00e1tica. O Democratas encomendou pesquisa em que era apresentado ao eleitor duas sugest\u00f5es de nome \u2013 Mude e Centro.<\/p>\n<p>A segunda op\u00e7\u00e3o n\u00e3o caiu bem junto ao eleitorado, segundo o jornalista e blogueiro Gerson Camarotti, da\u00a0<em>GloboNews<\/em>\u00a0e\u00a0<em>G1<\/em>.<\/p>\n<p>A mudan\u00e7a de nome \u00e9 uma das estrat\u00e9gias do DEM \u2013 ex-PFL, PDS e Arena \u2013 para atrair dissidentes de partidos como PSB e at\u00e9 PMDB, do presidente Michel Temer.<\/p>\n","protected":false},"excerpt":{"rendered":"<p>Ap\u00f3s consultas feitas pelo DEM, o partido dever\u00e1 adotar o nome \u201cMude\u201d, Movimento de Unidade Democr\u00e1tica. O Democratas encomendou pesquisa em que era apresentado ao eleitor duas sugest\u00f5es de nome \u2013 Mude e Centro. A segunda op\u00e7\u00e3o n\u00e3o caiu bem junto ao eleitorado, segundo o jornalista e blogueiro Gerson Camarotti, da\u00a0GloboNews\u00a0e\u00a0G1. A mudan\u00e7a de nome [&hellip;]<\/p>\n","protected":false},"author":2,"featured_media":67882,"comment_status":"open","ping_status":"open","sticky":false,"template":"","format":"standard","meta":{"footnotes":"","_links_to":"","_links_to_target":""},"categories":[1],"tags":[],"class_list":["post-67880","post","type-post","status-publish","format-standard","has-post-thumbnail","hentry","category-geral"],"views":1241,"_links":{"self":[{"href":"https:\/\/www.sudoestehoje.com.br\/novoportal\/wp-json\/wp\/v2\/posts\/67880","targetHints":{"allow":["GET"]}}],"collection":[{"href":"https:\/\/www.sudoestehoje.com.br\/novoportal\/wp-json\/wp\/v2\/posts"}],"about":[{"href":"https:\/\/www.sudoestehoje.com.br\/novoportal\/wp-json\/wp\/v2\/types\/post"}],"author":[{"embeddable":true,"href":"https:\/\/www.sudoestehoje.com.br\/novoportal\/wp-json\/wp\/v2\/users\/2"}],"replies":[{"embeddable":true,"href":"https:\/\/www.sudoestehoje.com.br\/novoportal\/wp-json\/wp\/v2\/comments?post=67880"}],"version-history":[{"count":3,"href":"https:\/\/www.sudoestehoje.com.br\/novoportal\/wp-json\/wp\/v2\/posts\/67880\/revisions"}],"predecessor-version":[{"id":67884,"href":"https:\/\/www.sudoestehoje.com.br\/novoportal\/wp-json\/wp\/v2\/posts\/67880\/revisions\/67884"}],"wp:featuredmedia":[{"embeddable":true,"href":"https:\/\/www.sudoestehoje.com.br\/novoportal\/wp-json\/wp\/v2\/media\/67882"}],"wp:attachment":[{"href":"https:\/\/www.sudoestehoje.com.br\/novoportal\/wp-json\/wp\/v2\/media?parent=67880"}],"wp:term":[{"taxonomy":"category","embeddable":true,"href":"https:\/\/www.sudoestehoje.com.br\/novoportal\/wp-json\/wp\/v2\/categories?post=67880"},{"taxonomy":"post_tag","embeddable":true,"href":"https:\/\/www.sudoestehoje.com.br\/novoportal\/wp-json\/wp\/v2\/tags?post=67880"}],"curies":[{"name":"wp","href":"https:\/\/api.w.org\/{rel}","templated":true}]}}