
{"id":67869,"date":"2017-09-20T20:35:42","date_gmt":"2017-09-20T23:35:42","guid":{"rendered":"http:\/\/www.sudoestehoje.com.br\/novoportal\/?p=67869"},"modified":"2017-09-20T20:35:42","modified_gmt":"2017-09-20T23:35:42","slug":"baianos-apoiam-a-causa-solidaria-do-dia-do-bem-em-apoio-as-pessoas-com-deficiencia","status":"publish","type":"post","link":"https:\/\/www.sudoestehoje.com.br\/novoportal\/2017\/09\/20\/baianos-apoiam-a-causa-solidaria-do-dia-do-bem-em-apoio-as-pessoas-com-deficiencia\/","title":{"rendered":"BAIANOS APOIAM A CAUSA SOLID\u00c1RIA DO &#8220;DIA DO BEM&#8221; EM APOIO \u00c0S PESSOAS COM DEFICI\u00caNCIA"},"content":{"rendered":"<p><a href=\"http:\/\/www.sudoestehoje.com.br\/novoportal\/wp-content\/uploads\/2017\/09\/dia-do-bem.jpg\"><img loading=\"lazy\" decoding=\"async\" class=\"aligncenter size-medium wp-image-67872\" src=\"http:\/\/www.sudoestehoje.com.br\/novoportal\/wp-content\/uploads\/2017\/09\/dia-do-bem-500x375.jpg\" alt=\"\" width=\"500\" height=\"375\" srcset=\"https:\/\/www.sudoestehoje.com.br\/novoportal\/wp-content\/uploads\/2017\/09\/dia-do-bem-500x375.jpg 500w, https:\/\/www.sudoestehoje.com.br\/novoportal\/wp-content\/uploads\/2017\/09\/dia-do-bem-768x576.jpg 768w, https:\/\/www.sudoestehoje.com.br\/novoportal\/wp-content\/uploads\/2017\/09\/dia-do-bem-700x525.jpg 700w, https:\/\/www.sudoestehoje.com.br\/novoportal\/wp-content\/uploads\/2017\/09\/dia-do-bem.jpg 1200w\" sizes=\"auto, (max-width: 500px) 100vw, 500px\" \/><\/a><\/p>\n<p><em><strong>Ascom FJS<\/strong><\/em><\/p>\n<p><span id=\"yui_3_16_0_ym19_1_1505947703618_10742\">Nesta\u00a0<span id=\"yiv3324308619OBJ_PREFIX_DWT1974_com_zimbra_date\" class=\"yiv3324308619Object\"><span id=\"yiv3324308619OBJ_PREFIX_DWT2158_com_zimbra_date\" class=\"yiv3324308619Object\"><span id=\"yiv3324308619OBJ_PREFIX_DWT2169_com_zimbra_date\" class=\"yiv3324308619Object\">quinta<\/span><\/span><\/span>-feira (21), D<\/span>ia\u00a0Nacional de Luta das Pessoas com Defici\u00eancia,\u00a0toda a venda\u00a0do<span id=\"yui_3_16_0_ym19_1_1505947703618_10747\">\u00a0sandu\u00edche de frango nas unidades da Subway ser\u00e1 revertida para as a\u00e7\u00f5es complementares de sa\u00fade que beneficiam cerca de 10 mil pacientes com defici\u00eancias atendidos no IBR e no Centro Pestalozzi de Reabilita\u00e7\u00e3o, unidades da Funda\u00e7\u00e3o Jos\u00e9 Silveira (FJS). <\/span><\/p>\n<p><span id=\"yui_3_16_0_ym19_1_1505947703618_10747\">\u00c9 o\u00a0<\/span>Dia\u00a0do\u00a0Bem<span id=\"yui_3_16_0_ym19_1_1505947703618_10769\">, demonstra\u00e7\u00e3o de solidariedade da popula\u00e7\u00e3o baiana. Realizada pelo quinto ano consecutivo, a campanha conta com o engajamento de artistas baianos consagrados, incluindo<\/span>\u00a0<span id=\"yui_3_16_0_ym19_1_1505947703618_10770\">Gilmel\u00e2ndia, Adelmo Cas\u00e9, Levi Lima, Felipe Pezzoni, da Banda Eva, Tatau, Ju Moraes, EdCity, M\u00e1rcia Freire, Reinaldo, o cantor Ninha e a banda Alavont\u00ea, entre outros<\/span>.<\/p>\n<p>Eles vestiram a camisa\u00a0do\u00a0Dia\u00a0do\u00a0Bem<span id=\"yui_3_16_0_ym19_1_1505947703618_10738\">\u00a0de forma volunt\u00e1ria, cedendo o uso da sua imagem, al\u00e9m da participa\u00e7\u00e3o no jingle musical da campanha. Fa\u00e7a parte dessa corrente do bem, comprando o sandu\u00edche de frango da Subway, nesta\u00a0<span id=\"yiv3324308619OBJ_PREFIX_DWT1976_com_zimbra_date\" class=\"yiv3324308619Object\"><span id=\"yiv3324308619OBJ_PREFIX_DWT2160_com_zimbra_date\" class=\"yiv3324308619Object\"><span id=\"yiv3324308619OBJ_PREFIX_DWT2171_com_zimbra_date\" class=\"yiv3324308619Object\">quinta<\/span><\/span><\/span>-feira!<\/span><\/p>\n","protected":false},"excerpt":{"rendered":"<p>Ascom FJS Nesta\u00a0quinta-feira (21), Dia\u00a0Nacional de Luta das Pessoas com Defici\u00eancia,\u00a0toda a venda\u00a0do\u00a0sandu\u00edche de frango nas unidades da Subway ser\u00e1 revertida para as a\u00e7\u00f5es complementares de sa\u00fade que beneficiam cerca de 10 mil pacientes com defici\u00eancias atendidos no IBR e no Centro Pestalozzi de Reabilita\u00e7\u00e3o, unidades da Funda\u00e7\u00e3o Jos\u00e9 Silveira (FJS). \u00c9 o\u00a0Dia\u00a0do\u00a0Bem, demonstra\u00e7\u00e3o de [&hellip;]<\/p>\n","protected":false},"author":2,"featured_media":67872,"comment_status":"open","ping_status":"open","sticky":false,"template":"","format":"standard","meta":{"footnotes":"","_links_to":"","_links_to_target":""},"categories":[1],"tags":[],"class_list":["post-67869","post","type-post","status-publish","format-standard","has-post-thumbnail","hentry","category-geral"],"views":1170,"_links":{"self":[{"href":"https:\/\/www.sudoestehoje.com.br\/novoportal\/wp-json\/wp\/v2\/posts\/67869","targetHints":{"allow":["GET"]}}],"collection":[{"href":"https:\/\/www.sudoestehoje.com.br\/novoportal\/wp-json\/wp\/v2\/posts"}],"about":[{"href":"https:\/\/www.sudoestehoje.com.br\/novoportal\/wp-json\/wp\/v2\/types\/post"}],"author":[{"embeddable":true,"href":"https:\/\/www.sudoestehoje.com.br\/novoportal\/wp-json\/wp\/v2\/users\/2"}],"replies":[{"embeddable":true,"href":"https:\/\/www.sudoestehoje.com.br\/novoportal\/wp-json\/wp\/v2\/comments?post=67869"}],"version-history":[{"count":3,"href":"https:\/\/www.sudoestehoje.com.br\/novoportal\/wp-json\/wp\/v2\/posts\/67869\/revisions"}],"predecessor-version":[{"id":67874,"href":"https:\/\/www.sudoestehoje.com.br\/novoportal\/wp-json\/wp\/v2\/posts\/67869\/revisions\/67874"}],"wp:featuredmedia":[{"embeddable":true,"href":"https:\/\/www.sudoestehoje.com.br\/novoportal\/wp-json\/wp\/v2\/media\/67872"}],"wp:attachment":[{"href":"https:\/\/www.sudoestehoje.com.br\/novoportal\/wp-json\/wp\/v2\/media?parent=67869"}],"wp:term":[{"taxonomy":"category","embeddable":true,"href":"https:\/\/www.sudoestehoje.com.br\/novoportal\/wp-json\/wp\/v2\/categories?post=67869"},{"taxonomy":"post_tag","embeddable":true,"href":"https:\/\/www.sudoestehoje.com.br\/novoportal\/wp-json\/wp\/v2\/tags?post=67869"}],"curies":[{"name":"wp","href":"https:\/\/api.w.org\/{rel}","templated":true}]}}