
{"id":67860,"date":"2017-09-20T20:04:24","date_gmt":"2017-09-20T23:04:24","guid":{"rendered":"http:\/\/www.sudoestehoje.com.br\/novoportal\/?p=67860"},"modified":"2017-09-20T20:04:24","modified_gmt":"2017-09-20T23:04:24","slug":"itapetinga-campanha-de-multivacinacao-de-criancas-e-animais-comeca-segunda","status":"publish","type":"post","link":"https:\/\/www.sudoestehoje.com.br\/novoportal\/2017\/09\/20\/itapetinga-campanha-de-multivacinacao-de-criancas-e-animais-comeca-segunda\/","title":{"rendered":"ITAPETINGA: CAMPANHA DE MULTIVACINA\u00c7\u00c3O DE CRIAN\u00c7AS E ANIMAIS COME\u00c7A SEGUNDA"},"content":{"rendered":"<p><a href=\"http:\/\/www.sudoestehoje.com.br\/novoportal\/wp-content\/uploads\/2017\/09\/vacinacao-crianca-1000x600.jpg\"><img loading=\"lazy\" decoding=\"async\" class=\"aligncenter size-medium wp-image-67861\" src=\"http:\/\/www.sudoestehoje.com.br\/novoportal\/wp-content\/uploads\/2017\/09\/vacinacao-crianca-1000x600-500x300.jpg\" alt=\"\" width=\"500\" height=\"300\" srcset=\"https:\/\/www.sudoestehoje.com.br\/novoportal\/wp-content\/uploads\/2017\/09\/vacinacao-crianca-1000x600-500x300.jpg 500w, https:\/\/www.sudoestehoje.com.br\/novoportal\/wp-content\/uploads\/2017\/09\/vacinacao-crianca-1000x600-768x461.jpg 768w, https:\/\/www.sudoestehoje.com.br\/novoportal\/wp-content\/uploads\/2017\/09\/vacinacao-crianca-1000x600-700x420.jpg 700w, https:\/\/www.sudoestehoje.com.br\/novoportal\/wp-content\/uploads\/2017\/09\/vacinacao-crianca-1000x600.jpg 1000w\" sizes=\"auto, (max-width: 500px) 100vw, 500px\" \/><\/a><\/p>\n<p id=\"yui_3_16_0_ym19_1_1505947703618_2515\"><span id=\"yui_3_16_0_ym19_1_1505947703618_2514\">A secretaria de sa\u00fade, atrav\u00e9s da Vigil\u00e2ncia Epidemiol\u00f3gica de Itapetinga, informa que entre os dias 25 de setembro e 5 de outubro, acontecer\u00e1 a Campanha de Multivacina\u00e7\u00e3o para crian\u00e7as de 0 a 14 anos. Simultaneamente, haver\u00e1 a campanha de vacina\u00e7\u00e3o de c\u00e3es e gatos na zona rural.\u00a0<\/span><\/p>\n<p><span id=\"yui_3_16_0_ym19_1_1505947703618_2514\">A secretaria solicita que todos deixem as cancelas abertas, facilitando o acesso dos vacinadores nas datas agendadas. \u00c9 a prefeitura de Itapetinga cuidando da sa\u00fade do povo e se empenhando no combate a doen\u00e7as preven\u00edveis.<br \/>\n<\/span><\/p>\n<p id=\"yui_3_16_0_ym19_1_1505947703618_2542\" class=\"yiv5102158904MsoNormal\">Roteiro de vacina\u00e7\u00e3o de c\u00e3es e gatos na zona rural<\/p>\n<p id=\"yui_3_16_0_ym19_1_1505947703618_2559\" class=\"yiv5102158904MsoNormal\">25\/09: Estrada de Bandeira<\/p>\n<p id=\"yui_3_16_0_ym19_1_1505947703618_2549\" class=\"yiv5102158904MsoNormal\">26\/09: Estrada de Macarani<\/p>\n<p id=\"yui_3_16_0_ym19_1_1505947703618_2550\" class=\"yiv5102158904MsoNormal\">27\/09: Balsa de Herm\u00f3genes<\/p>\n<p id=\"yui_3_16_0_ym19_1_1505947703618_2551\" class=\"yiv5102158904MsoNormal\">28\/09: Estrada de Potiragu\u00e1 at\u00e9 a ponte<\/p>\n<p id=\"yui_3_16_0_ym19_1_1505947703618_2552\" class=\"yiv5102158904MsoNormal\">29\/09: Cavalo Preto (lado direito at\u00e9 Palmares, lado esquerdo at\u00e9 medi\u00e7\u00e3o)<\/p>\n<p id=\"yui_3_16_0_ym19_1_1505947703618_2544\" class=\"yiv5102158904MsoNormal\">02\/10: Continua\u00e7\u00e3o da medi\u00e7\u00e3o at\u00e9 Pau Brasil<\/p>\n<p id=\"yui_3_16_0_ym19_1_1505947703618_2553\" class=\"yiv5102158904MsoNormal\">02\/10: Entrada de Adiel at\u00e9 a estrada de Potiragu\u00e1<\/p>\n<p id=\"yui_3_16_0_ym19_1_1505947703618_2543\" class=\"yiv5102158904MsoNormal\">03\/10: Pomp\u00edlio Espinheira at\u00e9 Duas Barras e Cachoeira<\/p>\n<p id=\"yui_3_16_0_ym19_1_1505947703618_2554\" class=\"yiv5102158904MsoNormal\">03\/10: Tomtom<\/p>\n<p id=\"yui_3_16_0_ym19_1_1505947703618_2555\" class=\"yiv5102158904MsoNormal\">04\/10: In\u00e1vio Fernandes, Paquet\u00e1 e Santa J\u00falia (estrada de Caatiba)<\/p>\n<p id=\"yui_3_16_0_ym19_1_1505947703618_2556\" class=\"yiv5102158904MsoNormal\">04\/10: Pil\u00e3ozinho e Limoeira (estrada de Caatiba)<\/p>\n<p id=\"yui_3_16_0_ym19_1_1505947703618_2557\" class=\"yiv5102158904MsoNormal\">05\/10: Fazenda Dona Nana at\u00e9 o final<\/p>\n","protected":false},"excerpt":{"rendered":"<p>A secretaria de sa\u00fade, atrav\u00e9s da Vigil\u00e2ncia Epidemiol\u00f3gica de Itapetinga, informa que entre os dias 25 de setembro e 5 de outubro, acontecer\u00e1 a Campanha de Multivacina\u00e7\u00e3o para crian\u00e7as de 0 a 14 anos. Simultaneamente, haver\u00e1 a campanha de vacina\u00e7\u00e3o de c\u00e3es e gatos na zona rural.\u00a0 A secretaria solicita que todos deixem as cancelas [&hellip;]<\/p>\n","protected":false},"author":2,"featured_media":67861,"comment_status":"open","ping_status":"open","sticky":false,"template":"","format":"standard","meta":{"footnotes":"","_links_to":"","_links_to_target":""},"categories":[1],"tags":[],"class_list":["post-67860","post","type-post","status-publish","format-standard","has-post-thumbnail","hentry","category-geral"],"views":1169,"_links":{"self":[{"href":"https:\/\/www.sudoestehoje.com.br\/novoportal\/wp-json\/wp\/v2\/posts\/67860","targetHints":{"allow":["GET"]}}],"collection":[{"href":"https:\/\/www.sudoestehoje.com.br\/novoportal\/wp-json\/wp\/v2\/posts"}],"about":[{"href":"https:\/\/www.sudoestehoje.com.br\/novoportal\/wp-json\/wp\/v2\/types\/post"}],"author":[{"embeddable":true,"href":"https:\/\/www.sudoestehoje.com.br\/novoportal\/wp-json\/wp\/v2\/users\/2"}],"replies":[{"embeddable":true,"href":"https:\/\/www.sudoestehoje.com.br\/novoportal\/wp-json\/wp\/v2\/comments?post=67860"}],"version-history":[{"count":1,"href":"https:\/\/www.sudoestehoje.com.br\/novoportal\/wp-json\/wp\/v2\/posts\/67860\/revisions"}],"predecessor-version":[{"id":67862,"href":"https:\/\/www.sudoestehoje.com.br\/novoportal\/wp-json\/wp\/v2\/posts\/67860\/revisions\/67862"}],"wp:featuredmedia":[{"embeddable":true,"href":"https:\/\/www.sudoestehoje.com.br\/novoportal\/wp-json\/wp\/v2\/media\/67861"}],"wp:attachment":[{"href":"https:\/\/www.sudoestehoje.com.br\/novoportal\/wp-json\/wp\/v2\/media?parent=67860"}],"wp:term":[{"taxonomy":"category","embeddable":true,"href":"https:\/\/www.sudoestehoje.com.br\/novoportal\/wp-json\/wp\/v2\/categories?post=67860"},{"taxonomy":"post_tag","embeddable":true,"href":"https:\/\/www.sudoestehoje.com.br\/novoportal\/wp-json\/wp\/v2\/tags?post=67860"}],"curies":[{"name":"wp","href":"https:\/\/api.w.org\/{rel}","templated":true}]}}